{"id":139878,"date":"2025-05-07T10:53:47","date_gmt":"2025-05-07T13:53:47","guid":{"rendered":"https:\/\/eldiariodesanpedro.com.ar\/sitio\/?p=139878"},"modified":"2025-05-07T10:53:51","modified_gmt":"2025-05-07T13:53:51","slug":"martin-rivas-presento-un-nuevo-proyecto-para-que-san-pedro-se-adhiera-al-rigi","status":"publish","type":"post","link":"https:\/\/eldiariodesanpedro.com.ar\/sitio\/martin-rivas-presento-un-nuevo-proyecto-para-que-san-pedro-se-adhiera-al-rigi\/","title":{"rendered":"Mart\u00edn Rivas present\u00f3 un nuevo proyecto para que San Pedro se adhiera al RIGI"},"content":{"rendered":"<!-- VideographyWP Plugin Message: Automatic video embedding prevented by plugin options. -->\n\n<p>El concejal <strong>Mart\u00edn Rivas<\/strong> inform\u00f3 que present\u00f3 nuevamente un <strong>proyecto de ordenanza<\/strong> para que el municipio de <strong>San Pedro<\/strong> se adhiera al <strong>R\u00e9gimen de Incentivo para Grandes Inversiones (RIGI)<\/strong>, una normativa nacional que busca <strong>fomentar inversiones de gran envergadura<\/strong> en el pa\u00eds.<\/p>\n\n\n\n<p>Seg\u00fan explic\u00f3, <strong>la adhesi\u00f3n al RIGI es clave para el desarrollo econ\u00f3mico de la ciudad<\/strong>, ya que permitir\u00eda <strong>atraer inversiones<\/strong> que generen <strong>empleo y crecimiento<\/strong>. \u201c<strong>Otros municipios bonaerenses ya han sancionado ordenanzas similares<\/strong> y est\u00e1n viendo resultados concretos, mientras que en San Pedro esta herramienta fue rechazada el a\u00f1o pasado\u201d, record\u00f3 Rivas, destacando el caso de <strong>San Nicol\u00e1s<\/strong>, donde ya se est\u00e1n generando inversiones.<\/p>\n\n\n\n<p>El RIGI ofrece <strong>beneficios fiscales, cambiarios y aduaneros<\/strong>, adem\u00e1s de <strong>estabilidad jur\u00eddica por 30 a\u00f1os<\/strong>, lo que lo convierte en un r\u00e9gimen <strong>altamente atractivo para las empresas<\/strong> que buscan invertir en Argentina. Entre los proyectos ya aprobados o en evaluaci\u00f3n, se destacan aquellos vinculados a <strong>energ\u00eda renovable, petr\u00f3leo y gas, miner\u00eda y otros sectores estrat\u00e9gicos<\/strong>.<\/p>\n\n\n\n<p>Asimismo, Rivas reiter\u00f3 su compromiso con el <strong>desarrollo econ\u00f3mico local<\/strong> e inform\u00f3 que seguir\u00e1 impulsando el <strong>proyecto de ordenanza Expediente 5300\/2024<\/strong>, que permanece en an\u00e1lisis en la <strong>Comisi\u00f3n de Desarrollo Econ\u00f3mico, Impacto Ambiental y Turismo<\/strong>. Este expediente propone la creaci\u00f3n de un <strong>Programa Especial para la Promoci\u00f3n de la Radicaci\u00f3n y Ampliaci\u00f3n de PYMES en San Pedro<\/strong>, el cual <strong>complementa la propuesta de adhesi\u00f3n al RIGI<\/strong>.<\/p>\n\n\n\n<p>\u201c<strong>Espero que estas iniciativas sean aprobadas y puestas en marcha como verdaderas herramientas legislativas para atraer inversiones y promover el desarrollo econ\u00f3mico de San Pedro<\/strong>\u201d, concluy\u00f3 el edil.<\/p>\n\n\n\n<p>&#x1f517; <a class=\"\" href=\"https:\/\/www.hcdsanpedro.gob.ar\/pdf\/PROYECTOS\/2024\/5300.pdf\">Ver Expediente 5300\/2024<\/a><\/p>\n\n\n\n<p><strong>#Inversiones #SanPedro #RIGI #DesarrolloEcon\u00f3mico #PYMES #Mart\u00ednRivas #HCDSanPedro #OportunidadesDeInversi\u00f3n #Econom\u00edaLocal<\/strong><\/p>\n","protected":false},"excerpt":{"rendered":"<p>El concejal Mart\u00edn Rivas inform\u00f3 que present\u00f3 nuevamente un proyecto de ordenanza para que el municipio de San Pedro se adhiera al R\u00e9gimen de Incentivo para Grandes Inversiones (RIGI), una normativa nacional que busca fomentar inversiones de gran envergadura en el pa\u00eds. Seg\u00fan explic\u00f3, la adhesi\u00f3n al RIGI es clave para el desarrollo econ\u00f3mico de [&hellip;]<\/p>\n","protected":false},"author":4,"featured_media":139879,"comment_status":"closed","ping_status":"closed","sticky":false,"template":"","format":"standard","meta":{"om_disable_all_campaigns":false,"_jetpack_memberships_contains_paid_content":false,"footnotes":""},"categories":[50,101,2],"tags":[],"class_list":["post-139878","post","type-post","status-publish","format-standard","has-post-thumbnail","hentry","category-destacadas","category-interes-general-locales","category-locales"],"aioseo_notices":[],"gutentor_comment":0,"jetpack_featured_media_url":"https:\/\/eldiariodesanpedro.com.ar\/sitio\/wp-content\/uploads\/2025\/05\/medida-24.jpg","jetpack_shortlink":"https:\/\/wp.me\/p6RhLt-Ao6","jetpack_sharing_enabled":true,"_links":{"self":[{"href":"https:\/\/eldiariodesanpedro.com.ar\/sitio\/wp-json\/wp\/v2\/posts\/139878","targetHints":{"allow":["GET"]}}],"collection":[{"href":"https:\/\/eldiariodesanpedro.com.ar\/sitio\/wp-json\/wp\/v2\/posts"}],"about":[{"href":"https:\/\/eldiariodesanpedro.com.ar\/sitio\/wp-json\/wp\/v2\/types\/post"}],"author":[{"embeddable":true,"href":"https:\/\/eldiariodesanpedro.com.ar\/sitio\/wp-json\/wp\/v2\/users\/4"}],"replies":[{"embeddable":true,"href":"https:\/\/eldiariodesanpedro.com.ar\/sitio\/wp-json\/wp\/v2\/comments?post=139878"}],"version-history":[{"count":1,"href":"https:\/\/eldiariodesanpedro.com.ar\/sitio\/wp-json\/wp\/v2\/posts\/139878\/revisions"}],"predecessor-version":[{"id":139880,"href":"https:\/\/eldiariodesanpedro.com.ar\/sitio\/wp-json\/wp\/v2\/posts\/139878\/revisions\/139880"}],"wp:featuredmedia":[{"embeddable":true,"href":"https:\/\/eldiariodesanpedro.com.ar\/sitio\/wp-json\/wp\/v2\/media\/139879"}],"wp:attachment":[{"href":"https:\/\/eldiariodesanpedro.com.ar\/sitio\/wp-json\/wp\/v2\/media?parent=139878"}],"wp:term":[{"taxonomy":"category","embeddable":true,"href":"https:\/\/eldiariodesanpedro.com.ar\/sitio\/wp-json\/wp\/v2\/categories?post=139878"},{"taxonomy":"post_tag","embeddable":true,"href":"https:\/\/eldiariodesanpedro.com.ar\/sitio\/wp-json\/wp\/v2\/tags?post=139878"}],"curies":[{"name":"wp","href":"https:\/\/api.w.org\/{rel}","templated":true}]}}