{"id":13985,"date":"2017-02-02T20:30:23","date_gmt":"2017-02-02T23:30:23","guid":{"rendered":"https:\/\/eldiariodesanpedro.com.ar\/sitio\/?p=13985"},"modified":"2026-01-23T23:20:22","modified_gmt":"2026-01-24T02:20:22","slug":"murio-lautaro-el-adolescente-trasplantado-del-corazon-hace-cuatro-dias","status":"publish","type":"post","link":"https:\/\/eldiariodesanpedro.com.ar\/sitio\/murio-lautaro-el-adolescente-trasplantado-del-corazon-hace-cuatro-dias\/","title":{"rendered":"Muri\u00f3 Lautaro, el adolescente trasplantado del coraz\u00f3n hace cuatro d\u00edas"},"content":{"rendered":"<p><!-- VideographyWP Plugin Message: Automatic video embedding prevented by plugin options. --><br \/>\n(T\u00e9lam) &#8211; Lautaro Sabio, el adolescente de 15 a\u00f1os que fue trasplantado del coraz\u00f3n en el Hospital Italiano el domingo, falleci\u00f3 hoy por la ma\u00f1ana, confirm\u00f3 su mam\u00e1 en la red social Facebook.<\/p>\n<p>   \u00abHoy hay otro nuevo \u00c1ngel en el cielo. Un \u00e1ngel que lucho toda su vida por vivir, una hermosa persona llena de amor. Ahora nuestros corazones ya no van a latir a la par, pero mi coraz\u00f3n y mi alma va a estar siempre con vos.\u00bb, escribi\u00f3 Jimena Caggiano en esa red social.<\/p>\n<p>   \u00abUn d\u00eda escribiste si vivir es como so\u00f1ar y cuando morimos empezamos a vivir. Seguro que s\u00ed. Hoy est\u00e1s en un lugar rodeado de amor seguramente. Te amo hijo y siempre vamos a estar conectados\u00bb, agreg\u00f3 la mam\u00e1 en la cuenta &#8216;Un coraz\u00f3n para Lauti&#8217; que hab\u00edan creado para concientizar sobre la donaci\u00f3n de \u00f3rganos.<\/p>\n<p>   En declaraciones televisivas, tras conocerse el deceso del adolescente, Caggiano pidi\u00f3 \u00abque (lo de) Lautaro sirva para que los \u00f3rganos lleguen pronto. Quiero que tomen conciencia porque Lautaro podr\u00eda estar vivo hoy\u00bb.<\/p>\n<p>   Lautaro, quien hab\u00eda cumplido 15 a\u00f1os el \u00faltimo s\u00e1bado y estaba en lista de espera del Incucai para recibir el trasplante, fue operado el domingo tras permanecer 17 d\u00edas conectado a un coraz\u00f3n artificial.<\/p>\n<p>   Antes de la cirug\u00eda, el s\u00e1bado, familiares y amigos realizaron una caravana desde el Hospital Italiano, en Almagro, hasta la sede del Incucai, en Belgrano, para divulgar la importancia de la donaci\u00f3n de \u00f3rganos.<\/p>\n","protected":false},"excerpt":{"rendered":"<p>(T\u00e9lam) &#8211; Lautaro Sabio, el adolescente de 15 a\u00f1os que fue trasplantado del coraz\u00f3n en el Hospital Italiano el domingo, falleci\u00f3 hoy por la ma\u00f1ana, confirm\u00f3 su mam\u00e1 en la red social Facebook. \u00abHoy hay otro nuevo \u00c1ngel en el cielo. Un \u00e1ngel que lucho toda su vida por vivir, una hermosa persona llena de [&hellip;]<\/p>\n","protected":false},"author":4,"featured_media":13986,"comment_status":"open","ping_status":"closed","sticky":false,"template":"","format":"standard","meta":{"om_disable_all_campaigns":false,"_jetpack_memberships_contains_paid_content":false,"footnotes":""},"categories":[3],"tags":[],"class_list":["post-13985","post","type-post","status-publish","format-standard","has-post-thumbnail","hentry","category-nacionales"],"aioseo_notices":[],"gutentor_comment":0,"jetpack_featured_media_url":"https:\/\/eldiariodesanpedro.com.ar\/sitio\/wp-content\/uploads\/2017\/02\/Lautaro.jpg","jetpack_shortlink":"https:\/\/wp.me\/p6RhLt-3Dz","jetpack_sharing_enabled":true,"_links":{"self":[{"href":"https:\/\/eldiariodesanpedro.com.ar\/sitio\/wp-json\/wp\/v2\/posts\/13985","targetHints":{"allow":["GET"]}}],"collection":[{"href":"https:\/\/eldiariodesanpedro.com.ar\/sitio\/wp-json\/wp\/v2\/posts"}],"about":[{"href":"https:\/\/eldiariodesanpedro.com.ar\/sitio\/wp-json\/wp\/v2\/types\/post"}],"author":[{"embeddable":true,"href":"https:\/\/eldiariodesanpedro.com.ar\/sitio\/wp-json\/wp\/v2\/users\/4"}],"replies":[{"embeddable":true,"href":"https:\/\/eldiariodesanpedro.com.ar\/sitio\/wp-json\/wp\/v2\/comments?post=13985"}],"version-history":[{"count":1,"href":"https:\/\/eldiariodesanpedro.com.ar\/sitio\/wp-json\/wp\/v2\/posts\/13985\/revisions"}],"predecessor-version":[{"id":13987,"href":"https:\/\/eldiariodesanpedro.com.ar\/sitio\/wp-json\/wp\/v2\/posts\/13985\/revisions\/13987"}],"wp:featuredmedia":[{"embeddable":true,"href":"https:\/\/eldiariodesanpedro.com.ar\/sitio\/wp-json\/wp\/v2\/media\/13986"}],"wp:attachment":[{"href":"https:\/\/eldiariodesanpedro.com.ar\/sitio\/wp-json\/wp\/v2\/media?parent=13985"}],"wp:term":[{"taxonomy":"category","embeddable":true,"href":"https:\/\/eldiariodesanpedro.com.ar\/sitio\/wp-json\/wp\/v2\/categories?post=13985"},{"taxonomy":"post_tag","embeddable":true,"href":"https:\/\/eldiariodesanpedro.com.ar\/sitio\/wp-json\/wp\/v2\/tags?post=13985"}],"curies":[{"name":"wp","href":"https:\/\/api.w.org\/{rel}","templated":true}]}}