{"id":139825,"date":"2025-05-05T20:29:13","date_gmt":"2025-05-05T23:29:13","guid":{"rendered":"https:\/\/eldiariodesanpedro.com.ar\/sitio\/?p=139825"},"modified":"2025-05-05T20:29:17","modified_gmt":"2025-05-05T23:29:17","slug":"el-grupo-conservacionista-difunde-un-valioso-cuadro-estadistico-general-del-partido-de-san-pedro-de-1854","status":"publish","type":"post","link":"https:\/\/eldiariodesanpedro.com.ar\/sitio\/el-grupo-conservacionista-difunde-un-valioso-cuadro-estadistico-general-del-partido-de-san-pedro-de-1854\/","title":{"rendered":"El Grupo Conservacionista difunde un valioso \u201cCuadro Estad\u00edstico General del Partido de San Pedro\u201d de 1854"},"content":{"rendered":"<!-- VideographyWP Plugin Message: Automatic video embedding prevented by plugin options. -->\n\n<p><strong>Un documento in\u00e9dito de gran valor hist\u00f3rico<\/strong> acaba de ser difundido por el <strong>Grupo Conservacionista de San Pedro<\/strong> a trav\u00e9s del <strong>Archivo de Documentaci\u00f3n Hist\u00f3rica del Museo Paleontol\u00f3gico<\/strong>, arrojando luz sobre la vida social, econ\u00f3mica y productiva del partido en el a\u00f1o <strong>1854<\/strong>.<\/p>\n\n\n\n<p>El documento, titulado <strong>\u201cCuadro Estad\u00edstico General del Partido de San Pedro\u201d<\/strong>, est\u00e1 fechado el <strong>1 de julio de 1854<\/strong> y posee <strong>55 cm de longitud por 37 cm de altura<\/strong>. Su estructura se divide en <strong>tres cuadros principales<\/strong> que revelan aspectos esenciales de aquella sociedad del siglo XIX.<\/p>\n\n\n\n<p>En el <strong>cuadro superior<\/strong>, bajo el t\u00edtulo <strong>\u201cPoblaci\u00f3n y Propiedades\u201d<\/strong>, se detallan datos sobre <strong>la poblaci\u00f3n (clasificada por nacionalidades)<\/strong>, as\u00ed como <strong>edificios, actividades ganaderas, agr\u00edcolas y comerciales<\/strong>.<\/p>\n\n\n\n<p>El <strong>cuadro central<\/strong>, denominado <strong>\u201cIndustrias diversas\u201d<\/strong>, ofrece un panorama sobre los <strong>oficios e industrias existentes en la \u00e9poca<\/strong>, incluyendo <strong>m\u00e9dicos, panaderos, alba\u00f1iles, carpinteros, herreros, sastres, zapateros, hornos de ladrillos y autoridades<\/strong> locales.<\/p>\n\n\n\n<p>El <strong>cuadro inferior<\/strong>, titulado <strong>\u201cProductos pastoriles y agr\u00edcolas\u201d<\/strong>, enumera informaci\u00f3n sobre los <strong>movimientos de buques, tipos de ganado, peleter\u00edas, cueros, materias textiles, productos animales y cereales<\/strong>, entre otros. Tambi\u00e9n se incluye un resumen sobre <strong>la administraci\u00f3n judicial y los movimientos poblacionales<\/strong> del semestre.<\/p>\n\n\n\n<p>Desde el <strong>Museo Paleontol\u00f3gico<\/strong> destacaron:<\/p>\n\n\n\n<blockquote class=\"wp-block-quote is-layout-flow wp-block-quote-is-layout-flow\">\n<p><em>\u201cEste documento brinda un pantallazo en cifras de la actividad del partido durante todo un semestre, a mediados del siglo XIX. Su excelente estado de conservaci\u00f3n permite leer claramente toda la informaci\u00f3n contenida en sus diferentes casilleros. Es como abrir una ventana al partido de San Pedro de hace 171 a\u00f1os atr\u00e1s para conocer un poco su actividad, sus pobladores, sus primeros inmigrantes y los oficios m\u00e1s destacados de aquellos a\u00f1os. Una joya hist\u00f3rica con datos estad\u00edsticos certeros de una sociedad que se organizaba\u201d.<\/em><\/p>\n<\/blockquote>\n\n\n\n<p>El <strong>documento digitalizado en alta resoluci\u00f3n puede solicitarse al WhatsApp 3329-53718<\/strong>.<\/p>\n\n\n\n<p><strong>#SanPedroHistoria #ArchivoHist\u00f3rico #MuseoPaleontol\u00f3gico #Documento1854 #HistoriaArgentina #PatrimonioCultural #Estad\u00edsticaHist\u00f3rica #GrupoConservacionista<\/strong><\/p>\n","protected":false},"excerpt":{"rendered":"<p>Un documento in\u00e9dito de gran valor hist\u00f3rico acaba de ser difundido por el Grupo Conservacionista de San Pedro a trav\u00e9s del Archivo de Documentaci\u00f3n Hist\u00f3rica del Museo Paleontol\u00f3gico, arrojando luz sobre la vida social, econ\u00f3mica y productiva del partido en el a\u00f1o 1854. El documento, titulado \u201cCuadro Estad\u00edstico General del Partido de San Pedro\u201d, est\u00e1 [&hellip;]<\/p>\n","protected":false},"author":4,"featured_media":139826,"comment_status":"closed","ping_status":"closed","sticky":false,"template":"","format":"standard","meta":{"om_disable_all_campaigns":false,"_jetpack_memberships_contains_paid_content":false,"footnotes":""},"categories":[101,2],"tags":[],"class_list":["post-139825","post","type-post","status-publish","format-standard","has-post-thumbnail","hentry","category-interes-general-locales","category-locales"],"aioseo_notices":[],"gutentor_comment":0,"jetpack_featured_media_url":"https:\/\/eldiariodesanpedro.com.ar\/sitio\/wp-content\/uploads\/2025\/05\/Cuadro-Estadistico-de-San-Pedro-Primer-Semestre-de-1854-BIS.jpg","jetpack_shortlink":"https:\/\/wp.me\/p6RhLt-Anf","jetpack_sharing_enabled":true,"_links":{"self":[{"href":"https:\/\/eldiariodesanpedro.com.ar\/sitio\/wp-json\/wp\/v2\/posts\/139825","targetHints":{"allow":["GET"]}}],"collection":[{"href":"https:\/\/eldiariodesanpedro.com.ar\/sitio\/wp-json\/wp\/v2\/posts"}],"about":[{"href":"https:\/\/eldiariodesanpedro.com.ar\/sitio\/wp-json\/wp\/v2\/types\/post"}],"author":[{"embeddable":true,"href":"https:\/\/eldiariodesanpedro.com.ar\/sitio\/wp-json\/wp\/v2\/users\/4"}],"replies":[{"embeddable":true,"href":"https:\/\/eldiariodesanpedro.com.ar\/sitio\/wp-json\/wp\/v2\/comments?post=139825"}],"version-history":[{"count":1,"href":"https:\/\/eldiariodesanpedro.com.ar\/sitio\/wp-json\/wp\/v2\/posts\/139825\/revisions"}],"predecessor-version":[{"id":139827,"href":"https:\/\/eldiariodesanpedro.com.ar\/sitio\/wp-json\/wp\/v2\/posts\/139825\/revisions\/139827"}],"wp:featuredmedia":[{"embeddable":true,"href":"https:\/\/eldiariodesanpedro.com.ar\/sitio\/wp-json\/wp\/v2\/media\/139826"}],"wp:attachment":[{"href":"https:\/\/eldiariodesanpedro.com.ar\/sitio\/wp-json\/wp\/v2\/media?parent=139825"}],"wp:term":[{"taxonomy":"category","embeddable":true,"href":"https:\/\/eldiariodesanpedro.com.ar\/sitio\/wp-json\/wp\/v2\/categories?post=139825"},{"taxonomy":"post_tag","embeddable":true,"href":"https:\/\/eldiariodesanpedro.com.ar\/sitio\/wp-json\/wp\/v2\/tags?post=139825"}],"curies":[{"name":"wp","href":"https:\/\/api.w.org\/{rel}","templated":true}]}}