{"id":13982,"date":"2017-02-02T20:28:21","date_gmt":"2017-02-02T23:28:21","guid":{"rendered":"https:\/\/eldiariodesanpedro.com.ar\/sitio\/?p=13982"},"modified":"2017-02-02T20:28:21","modified_gmt":"2017-02-02T23:28:21","slug":"mitos-y-verdades-sobre-el-cancer-la-segunda-causa-de-muerte-por-enfermedad-en-argentina","status":"publish","type":"post","link":"https:\/\/eldiariodesanpedro.com.ar\/sitio\/mitos-y-verdades-sobre-el-cancer-la-segunda-causa-de-muerte-por-enfermedad-en-argentina\/","title":{"rendered":"Mitos y verdades sobre el c\u00e1ncer, la segunda causa de muerte por enfermedad en Argentina"},"content":{"rendered":"<p><!-- VideographyWP Plugin Message: Automatic video embedding prevented by plugin options. --><br \/>\n(T\u00e9lam) &#8211; Seg\u00fan el Bolet\u00edn de Vigilancia Epidemiol\u00f3gica 2016, elaborado por el Instituto Nacional del C\u00e1ncer (INC), el c\u00e1ncer constituye la segunda causa de muerte por enfermedad: s\u00f3lo en 2014 ocurrieron 60.791 muertes por tumores malignos.<\/p>\n<p>   El c\u00e1ncer no se cura, los tratamientos hacen caer el pelo y sin antecedentes familiares no hay riesgo, son algunos mitos que persisten en el imaginario social y pueden convertirse en barreras para los controles m\u00e9dicos que facilitan un diagn\u00f3stico temprano, clave para mejorar el pron\u00f3stico de los pacientes, aseguran especialistas a un d\u00eda de conmemorarse el D\u00eda Mundial del C\u00e1ncer, segunda causa de muerte por enfermedad en Argentina.<\/p>\n<p>   \u00abUna mujer de 45 a\u00f1os lleg\u00f3 la semana pasada al consultorio con un diagn\u00f3stico de c\u00e1ncer de mama en un estado tard\u00edo. Hac\u00eda un a\u00f1o que se tocaba un bulto y, pese a que se trataba de una persona informada, no se hab\u00eda acercado por miedo al diagn\u00f3stico y a los efectos del tratamiento. El miedo muchas veces est\u00e1 vinculado a la falta de informaci\u00f3n\u00bb, dijo Juan Lacava, presidente de la Asociaci\u00f3n Argentina de Oncolog\u00eda Cl\u00ednica (AAOC).<\/p>\n<p>   Para Lavaca, el miedo al diagn\u00f3stico \u00abse asocia con un primer mito, que el c\u00e1ncer es sin\u00f3nimo de muerte; esto no es as\u00ed. Hace a\u00f1os que se encontraron tratamientos que permiten la cura de ciertos tumores si se detectan en estad\u00edos tempranos, de hecho hoy en los pa\u00edses desarrollados m\u00e1s de la mitad de los nuevos casos ser\u00e1n curables y en algunos c\u00e1nceres como el de mama fallecen menos del 20% de los pacientes\u00bb.<\/p>\n<p>   No obstante, seg\u00fan el Bolet\u00edn de Vigilancia Epidemiol\u00f3gica 2016, elaborado por el Instituto Nacional del C\u00e1ncer (INC), en Argentina el c\u00e1ncer constituye la segunda causa de muerte por enfermedad: s\u00f3lo en 2014 ocurrieron 60.791 muertes por tumores malignos.<\/p>\n<p>   \u00abLa incidencia de c\u00e1ncer va en aumento en todo el mundo, la clave para mejorar la mortalidad es el diagn\u00f3stico precoz y la posibilidad de tratamiento adecuado; para eso hay que derribar mitos, dar informaci\u00f3n, mejorar el acceso a los sistemas de diagn\u00f3stico y destinar recursos para la prevenci\u00f3n y el tratamiento; el 70% ciento de todos los muertos por c\u00e1ncer en el mundo se da en pa\u00edses de bajos ingresos\u00bb, afirm\u00f3 Lavaca.<\/p>\n<p>   Pero m\u00e1s all\u00e1 de las barreras socio-sanitarias, Lacava identific\u00f3 otros mitos que alejan a los pacientes, como la idea de que \u00abtodos los tratamientos hacen caer el pelo, lo cual es falso. \u00abTodos producen alg\u00fan efecto, pero siempre dependen de lo que se est\u00e9 atacando y del estado del paciente\u00bb, agreg\u00f3.<\/p>\n<p>   \u00abTambi\u00e9n es com\u00fan escuchar que la persona e incluso los m\u00e9dicos cl\u00ednicos descartan c\u00e1ncer en edades tempranas por la falta de antecedentes familiares cuando s\u00f3lo en 10% de los tipos de c\u00e1ncer conocidos se ha comprobado un origen hereditario\u00bb, describi\u00f3.<\/p>\n<p>   El experto aconsej\u00f3 que \u00aben caso de que haya antecedes, hay que estar m\u00e1s atento; lo mismo que si la persona ya tuvo un c\u00e1ncer, porque hay un componente de base, una predisposici\u00f3n que el cuerpo ya tiene; por eso quien tuvo c\u00e1ncer, aunque est\u00e9 curado, tiene que hacerse controles de por vida\u00bb.<\/p>\n<p>   Por su parte, la doctora Silvia Ferrandini, jefa de la Divisi\u00f3n de Oncolog\u00eda Cl\u00ednica del Hospital de Cl\u00ednicas Jos\u00e9 de San Mart\u00edn, coincidi\u00f3 en que \u00abaunque hoy se sabe m\u00e1s que el c\u00e1ncer tiene cura, todav\u00eda no hay una dimensi\u00f3n de esto, ni de que existen tratamientos que van surgiendo constantemente que hacen que, a\u00fan cuando no pueda curarse, se puedan extender los a\u00f1os de vida con buena calidad\u00bb.<\/p>\n<p>   Ferrandini sostuvo que \u00abnosotros tenemos pacientes con c\u00e1ncer de ri\u00f1\u00f3n que est\u00e1n viviendo cinco o siete a\u00f1os, y con una muy buena calidad de vida, y esto es importante difundirlo para estimular a tratarse a aquellos que sabiendo que no tienen cura o que temen hacer un tratamiento\u00bb.<\/p>\n<p>   La especialista destac\u00f3 que \u00aben muchos casos los diagn\u00f3sticos tard\u00edos tienen que ver tambi\u00e9n con el propio sistema de salud en el que desde que se hace la primera consulta hasta que se llega al diagn\u00f3stico pasaron seis meses, y esa no es culpa del paciente\u00bb.<\/p>\n<p>   Otra causa que puede provocar la llegada tarde al diagn\u00f3stico es \u00abla realizaci\u00f3n de estudios en lugares donde los equipos son viejos o bien quien los lleva adelante no tiene la suficiente experiencia\u00bb, asever\u00f3 la experta, que recomend\u00f3 \u00abhacer interconsultas en lugares de referencia\u00bb. \u00abEn la medida de lo posible, si hay un centro que se especializa en c\u00e1ncer de colon y yo tengo esa enfermedad me conviene consultar all\u00ed\u00bb.<\/p>\n<p>   M\u00e1s all\u00e1 de los factores externos (como condiciones ambientales), ambos especialistas coincidieron en que existen conductas que pueden ayudar a prevenir varios tipos de c\u00e1ncer como alimentarse en forma saludable, realizar actividad f\u00edsica, no fumar y un consumo medido de bebidas alcoh\u00f3licas.<\/p>\n<p>   Seg\u00fan datos del INC, Argentina se ubica dentro del rango de pa\u00edses con incidencia de c\u00e1ncer media-alta (172.3-242.9 x 100.000 habitantes) de acuerdo a c\u00e1lculos de la Agencia Internacional de Investigaci\u00f3n sobre C\u00e1ncer (IARC), datos que corresponden a m\u00e1s de 100.000 casos nuevos de la enfermedad en ambos sexos por a\u00f1o, con porcentajes similares tanto en hombres como en mujeres.<\/p>\n<p>   Cada 4 de febrero el mundo conmemora el D\u00eda Mundial del C\u00e1ncer con el objetivo de difundir aspectos de la enfermedad, cuyo lema en 2017 es \u00abNosotros podemos, yo puedo\u00bb, que busca hacer foco en el compromiso de la sociedad civil.<\/p>\n","protected":false},"excerpt":{"rendered":"<p>(T\u00e9lam) &#8211; Seg\u00fan el Bolet\u00edn de Vigilancia Epidemiol\u00f3gica 2016, elaborado por el Instituto Nacional del C\u00e1ncer (INC), el c\u00e1ncer constituye la segunda causa de muerte por enfermedad: s\u00f3lo en 2014 ocurrieron 60.791 muertes por tumores malignos. El c\u00e1ncer no se cura, los tratamientos hacen caer el pelo y sin antecedentes familiares no hay riesgo, son [&hellip;]<\/p>\n","protected":false},"author":4,"featured_media":13983,"comment_status":"open","ping_status":"closed","sticky":false,"template":"","format":"standard","meta":{"om_disable_all_campaigns":false,"_jetpack_memberships_contains_paid_content":false,"footnotes":""},"categories":[2],"tags":[],"class_list":["post-13982","post","type-post","status-publish","format-standard","has-post-thumbnail","hentry","category-locales"],"aioseo_notices":[],"gutentor_comment":0,"jetpack_featured_media_url":"https:\/\/eldiariodesanpedro.com.ar\/sitio\/wp-content\/uploads\/2017\/02\/C\u00e1ncer.jpg","jetpack_shortlink":"https:\/\/wp.me\/p6RhLt-3Dw","jetpack_sharing_enabled":true,"_links":{"self":[{"href":"https:\/\/eldiariodesanpedro.com.ar\/sitio\/wp-json\/wp\/v2\/posts\/13982","targetHints":{"allow":["GET"]}}],"collection":[{"href":"https:\/\/eldiariodesanpedro.com.ar\/sitio\/wp-json\/wp\/v2\/posts"}],"about":[{"href":"https:\/\/eldiariodesanpedro.com.ar\/sitio\/wp-json\/wp\/v2\/types\/post"}],"author":[{"embeddable":true,"href":"https:\/\/eldiariodesanpedro.com.ar\/sitio\/wp-json\/wp\/v2\/users\/4"}],"replies":[{"embeddable":true,"href":"https:\/\/eldiariodesanpedro.com.ar\/sitio\/wp-json\/wp\/v2\/comments?post=13982"}],"version-history":[{"count":1,"href":"https:\/\/eldiariodesanpedro.com.ar\/sitio\/wp-json\/wp\/v2\/posts\/13982\/revisions"}],"predecessor-version":[{"id":13984,"href":"https:\/\/eldiariodesanpedro.com.ar\/sitio\/wp-json\/wp\/v2\/posts\/13982\/revisions\/13984"}],"wp:featuredmedia":[{"embeddable":true,"href":"https:\/\/eldiariodesanpedro.com.ar\/sitio\/wp-json\/wp\/v2\/media\/13983"}],"wp:attachment":[{"href":"https:\/\/eldiariodesanpedro.com.ar\/sitio\/wp-json\/wp\/v2\/media?parent=13982"}],"wp:term":[{"taxonomy":"category","embeddable":true,"href":"https:\/\/eldiariodesanpedro.com.ar\/sitio\/wp-json\/wp\/v2\/categories?post=13982"},{"taxonomy":"post_tag","embeddable":true,"href":"https:\/\/eldiariodesanpedro.com.ar\/sitio\/wp-json\/wp\/v2\/tags?post=13982"}],"curies":[{"name":"wp","href":"https:\/\/api.w.org\/{rel}","templated":true}]}}