{"id":139819,"date":"2025-05-05T20:12:27","date_gmt":"2025-05-05T23:12:27","guid":{"rendered":"https:\/\/eldiariodesanpedro.com.ar\/sitio\/?p=139819"},"modified":"2025-05-05T20:12:31","modified_gmt":"2025-05-05T23:12:31","slug":"comenzaron-las-obras-del-futuro-destacamento-n-o-2-en-rio-tala","status":"publish","type":"post","link":"https:\/\/eldiariodesanpedro.com.ar\/sitio\/comenzaron-las-obras-del-futuro-destacamento-n-o-2-en-rio-tala\/","title":{"rendered":"Comenzaron las obras del futuro Destacamento N.\u00ba 2 en R\u00edo Tala"},"content":{"rendered":"<!-- VideographyWP Plugin Message: Automatic video embedding prevented by plugin options. -->\n\n<p>Con <strong>enorme alegr\u00eda<\/strong>, se anunci\u00f3 el <strong>inicio de las obras del nuevo Destacamento N.\u00ba 2<\/strong> en la localidad de <strong>R\u00edo Tala<\/strong>.<\/p>\n\n\n\n<p>El pasado <strong>viernes<\/strong>, el <strong>Jefe del Cuerpo Activo, Edgardo Epelde<\/strong>, junto a los <strong>bomberos de R\u00edo Tala<\/strong>, dieron oficialmente inicio a los <strong>trabajos de reforma y construcci\u00f3n<\/strong> que incluir\u00e1n <strong>sanitarios, vestuarios y un Sal\u00f3n de Usos M\u00faltiples (SUM)<\/strong>.<\/p>\n\n\n\n<p>El nuevo destacamento estar\u00e1 ubicado en el <strong>galp\u00f3n de la Cooperativa de Agua<\/strong> de la localidad, un <strong>espacio estrat\u00e9gico<\/strong> que permitir\u00e1 <strong>fortalecer a\u00fan m\u00e1s el trabajo de los bomberos<\/strong> en la zona.<\/p>\n\n\n\n<p>Desde la instituci\u00f3n expresaron un <strong>profundo agradecimiento<\/strong> a todas las personas que hacen posible esta obra, destacando el <strong>compromiso de los bomberos de R\u00edo Tala<\/strong> y el <strong>constante trabajo del Consejo Directivo<\/strong> en este proyecto <strong>tan esperado por toda la comunidad<\/strong>.<\/p>\n\n\n\n<p><strong>#R\u00edoTala #BomberosVoluntarios #ObrasQueTransforman #CompromisoComunitario #NuevoDestacamento #OrgulloLocal #SUM #CooperativaDeAgua<\/strong><\/p>\n\n\n\n<div class=\"wp-block-jetpack-slideshow aligncenter\" data-effect=\"slide\"><div class=\"wp-block-jetpack-slideshow_container swiper-container\"><ul class=\"wp-block-jetpack-slideshow_swiper-wrapper swiper-wrapper\"><li class=\"wp-block-jetpack-slideshow_slide swiper-slide\"><figure><img decoding=\"async\" width=\"504\" height=\"630\" alt=\"\" class=\"wp-block-jetpack-slideshow_image wp-image-139821 lazyload\" data-id=\"139821\" data-src=\"https:\/\/eldiariodesanpedro.com.ar\/sitio\/wp-content\/uploads\/2025\/05\/495052046_18113291986477346_8416834455512069701_n.jpg\" data-srcset=\"https:\/\/eldiariodesanpedro.com.ar\/sitio\/wp-content\/uploads\/2025\/05\/495052046_18113291986477346_8416834455512069701_n.jpg 504w, https:\/\/eldiariodesanpedro.com.ar\/sitio\/wp-content\/uploads\/2025\/05\/495052046_18113291986477346_8416834455512069701_n-240x300.jpg 240w\" data-sizes=\"(max-width: 504px) 100vw, 504px\" src=\"data:image\/svg+xml;base64,PHN2ZyB3aWR0aD0iMSIgaGVpZ2h0PSIxIiB4bWxucz0iaHR0cDovL3d3dy53My5vcmcvMjAwMC9zdmciPjwvc3ZnPg==\" style=\"--smush-placeholder-width: 504px; --smush-placeholder-aspect-ratio: 504\/630;\" \/><\/figure><\/li><li class=\"wp-block-jetpack-slideshow_slide swiper-slide\"><figure><img decoding=\"async\" width=\"504\" height=\"630\" alt=\"\" class=\"wp-block-jetpack-slideshow_image wp-image-139822 lazyload\" data-id=\"139822\" data-src=\"https:\/\/eldiariodesanpedro.com.ar\/sitio\/wp-content\/uploads\/2025\/05\/495180057_18113291977477346_3648980755448123345_n.jpg\" data-srcset=\"https:\/\/eldiariodesanpedro.com.ar\/sitio\/wp-content\/uploads\/2025\/05\/495180057_18113291977477346_3648980755448123345_n.jpg 504w, https:\/\/eldiariodesanpedro.com.ar\/sitio\/wp-content\/uploads\/2025\/05\/495180057_18113291977477346_3648980755448123345_n-240x300.jpg 240w\" data-sizes=\"(max-width: 504px) 100vw, 504px\" src=\"data:image\/svg+xml;base64,PHN2ZyB3aWR0aD0iMSIgaGVpZ2h0PSIxIiB4bWxucz0iaHR0cDovL3d3dy53My5vcmcvMjAwMC9zdmciPjwvc3ZnPg==\" style=\"--smush-placeholder-width: 504px; --smush-placeholder-aspect-ratio: 504\/630;\" \/><\/figure><\/li><li class=\"wp-block-jetpack-slideshow_slide swiper-slide\"><figure><img decoding=\"async\" width=\"504\" height=\"630\" alt=\"\" class=\"wp-block-jetpack-slideshow_image wp-image-139823 lazyload\" data-id=\"139823\" data-src=\"https:\/\/eldiariodesanpedro.com.ar\/sitio\/wp-content\/uploads\/2025\/05\/495181321_18113291968477346_6110799911464955873_n.jpg\" data-srcset=\"https:\/\/eldiariodesanpedro.com.ar\/sitio\/wp-content\/uploads\/2025\/05\/495181321_18113291968477346_6110799911464955873_n.jpg 504w, https:\/\/eldiariodesanpedro.com.ar\/sitio\/wp-content\/uploads\/2025\/05\/495181321_18113291968477346_6110799911464955873_n-240x300.jpg 240w\" data-sizes=\"(max-width: 504px) 100vw, 504px\" src=\"data:image\/svg+xml;base64,PHN2ZyB3aWR0aD0iMSIgaGVpZ2h0PSIxIiB4bWxucz0iaHR0cDovL3d3dy53My5vcmcvMjAwMC9zdmciPjwvc3ZnPg==\" style=\"--smush-placeholder-width: 504px; --smush-placeholder-aspect-ratio: 504\/630;\" \/><\/figure><\/li><\/ul><a class=\"wp-block-jetpack-slideshow_button-prev swiper-button-prev swiper-button-white\" role=\"button\"><\/a><a class=\"wp-block-jetpack-slideshow_button-next swiper-button-next swiper-button-white\" role=\"button\"><\/a><a aria-label=\"Pause Slideshow\" class=\"wp-block-jetpack-slideshow_button-pause\" role=\"button\"><\/a><div class=\"wp-block-jetpack-slideshow_pagination swiper-pagination swiper-pagination-white\"><\/div><\/div><\/div>\n","protected":false},"excerpt":{"rendered":"<p>Con enorme alegr\u00eda, se anunci\u00f3 el inicio de las obras del nuevo Destacamento N.\u00ba 2 en la localidad de R\u00edo Tala. El pasado viernes, el Jefe del Cuerpo Activo, Edgardo Epelde, junto a los bomberos de R\u00edo Tala, dieron oficialmente inicio a los trabajos de reforma y construcci\u00f3n que incluir\u00e1n sanitarios, vestuarios y un Sal\u00f3n [&hellip;]<\/p>\n","protected":false},"author":4,"featured_media":139820,"comment_status":"closed","ping_status":"closed","sticky":false,"template":"","format":"standard","meta":{"om_disable_all_campaigns":false,"_jetpack_memberships_contains_paid_content":false,"footnotes":""},"categories":[101,2],"tags":[],"class_list":["post-139819","post","type-post","status-publish","format-standard","has-post-thumbnail","hentry","category-interes-general-locales","category-locales"],"aioseo_notices":[],"gutentor_comment":0,"jetpack_featured_media_url":"https:\/\/eldiariodesanpedro.com.ar\/sitio\/wp-content\/uploads\/2025\/05\/medida-19.jpg","jetpack_shortlink":"https:\/\/wp.me\/p6RhLt-An9","jetpack_sharing_enabled":true,"_links":{"self":[{"href":"https:\/\/eldiariodesanpedro.com.ar\/sitio\/wp-json\/wp\/v2\/posts\/139819","targetHints":{"allow":["GET"]}}],"collection":[{"href":"https:\/\/eldiariodesanpedro.com.ar\/sitio\/wp-json\/wp\/v2\/posts"}],"about":[{"href":"https:\/\/eldiariodesanpedro.com.ar\/sitio\/wp-json\/wp\/v2\/types\/post"}],"author":[{"embeddable":true,"href":"https:\/\/eldiariodesanpedro.com.ar\/sitio\/wp-json\/wp\/v2\/users\/4"}],"replies":[{"embeddable":true,"href":"https:\/\/eldiariodesanpedro.com.ar\/sitio\/wp-json\/wp\/v2\/comments?post=139819"}],"version-history":[{"count":1,"href":"https:\/\/eldiariodesanpedro.com.ar\/sitio\/wp-json\/wp\/v2\/posts\/139819\/revisions"}],"predecessor-version":[{"id":139824,"href":"https:\/\/eldiariodesanpedro.com.ar\/sitio\/wp-json\/wp\/v2\/posts\/139819\/revisions\/139824"}],"wp:featuredmedia":[{"embeddable":true,"href":"https:\/\/eldiariodesanpedro.com.ar\/sitio\/wp-json\/wp\/v2\/media\/139820"}],"wp:attachment":[{"href":"https:\/\/eldiariodesanpedro.com.ar\/sitio\/wp-json\/wp\/v2\/media?parent=139819"}],"wp:term":[{"taxonomy":"category","embeddable":true,"href":"https:\/\/eldiariodesanpedro.com.ar\/sitio\/wp-json\/wp\/v2\/categories?post=139819"},{"taxonomy":"post_tag","embeddable":true,"href":"https:\/\/eldiariodesanpedro.com.ar\/sitio\/wp-json\/wp\/v2\/tags?post=139819"}],"curies":[{"name":"wp","href":"https:\/\/api.w.org\/{rel}","templated":true}]}}