{"id":139817,"date":"2025-05-05T19:37:00","date_gmt":"2025-05-05T22:37:00","guid":{"rendered":"https:\/\/eldiariodesanpedro.com.ar\/sitio\/?p=139817"},"modified":"2025-05-05T19:37:04","modified_gmt":"2025-05-05T22:37:04","slug":"talleres-2025-en-la-casa-de-la-cultura-del-sindicato-de-empleados-de-comercio","status":"publish","type":"post","link":"https:\/\/eldiariodesanpedro.com.ar\/sitio\/talleres-2025-en-la-casa-de-la-cultura-del-sindicato-de-empleados-de-comercio\/","title":{"rendered":"Talleres 2025 en la Casa de la Cultura del Sindicato de Empleados de Comercio"},"content":{"rendered":"<!-- VideographyWP Plugin Message: Automatic video embedding prevented by plugin options. -->\n\n<p>Desde hace dos a\u00f1os, la Casa de la Cultura del Sindicato de Empleados de Comercio funciona como un espacio de referencia para actividades culturales, recreativas y de bienestar en San Pedro.<\/p>\n\n\n\n<p>Para el ciclo 2025, se encuentra abierta la inscripci\u00f3n a una variada oferta de talleres que incluye canto grupal para adultos, canto colectivo, guitarra, m\u00fasica nacional y popular, literatura creativa, ilustraci\u00f3n, danzas folkl\u00f3ricas argentinas, yoga integral y yoga en silla.<\/p>\n\n\n\n<p>Las propuestas est\u00e1n dirigidas a personas de diferentes edades y niveles de experiencia, con el objetivo de ofrecer un entorno accesible y participativo para el desarrollo personal y colectivo. Los afiliados al SEC cuentan con beneficios especiales en los aranceles de cada propuesta.<\/p>\n\n\n\n<p><strong>Estan abierta las inscriciones para:<br><\/strong><br>Canto Grupal para Adultos<br>Mi\u00e9rcoles de 20:00 a 21:00<br>Profesora: Anabela Prado<br>Contacto: 3329 30-3087<br>Dirigido a mayores de 17 a\u00f1os. Un espacio para explorar la voz como instrumento a trav\u00e9s de juegos vocales, t\u00e9cnica, improvisaci\u00f3n y canto colectivo, sin necesidad de experiencia previa.<\/p>\n\n\n\n<p>M\u00fasica Nacional y Popular<br>Mi\u00e9rcoles de 18:30 a 20:00<br>Profesor: Juan Andr\u00e9s Jurado<br>Contacto: 3329 52-4106<br>Un recorrido por los estilos de la m\u00fasica popular argentina, con ensamble de instrumentos, canto e interpretaci\u00f3n colectiva.<\/p>\n\n\n\n<p>Guitarra<br>Jueves a las 18:00<br>Profesor: Juan Andr\u00e9s Jurado<br>Contacto: 3329 52-4106<br>Taller orientado a principiantes, con foco en el v\u00ednculo directo con el instrumento.<\/p>\n\n\n\n<p>Canto Colectivo (Adolescentes y Adultos)<br>Viernes de 19:00 a 20:30<br>Profesor: Mateo Tard\u00edo<br>Contacto: 3329 47-9075<br>Una propuesta para disfrutar del canto compartido, transitando distintos g\u00e9neros musicales y trabajando arreglos grupales.<\/p>\n\n\n\n<p>Ilustraci\u00f3n<br>Jueves de 20:10 a 22:00<br>Profesor: Zeque Bracco<br>Contacto: 3329 51-7282<br>Taller abierto a todos los niveles. La ilustraci\u00f3n como herramienta para contar historias, dise\u00f1ar postales, cuentos o calendarios. Se trabaja con l\u00e1piz y papel.<\/p>\n\n\n\n<p>Literatura Creativa<br>Martes de 16:00 a 17:30<br>Profesora: Anal\u00eda Rold\u00e1n<br>Contacto: 3329 62-1633<br>Lectura de autores y movimientos literarios con opci\u00f3n a escribir textos propios. Abierto a todo p\u00fablico, sin requisitos previos.<\/p>\n\n\n\n<p>Yoga Integral<br>Lunes y mi\u00e9rcoles de 14:00 a 15:00<br>Profesora: Sol Kurlat<br>Contacto: 11 5763-0201<br>Sesiones para mejorar la postura, flexibilidad, capacidad pulmonar, concentraci\u00f3n y calidad del sue\u00f1o. Enfocado en el bienestar f\u00edsico y emocional.<\/p>\n\n\n\n<p>Yoga en Silla<br>Lunes y mi\u00e9rcoles de 15:00 a 16:00<br>Profesora: Sol Kurlat<br>Contacto: 11 5763-0201<br>Variante adaptada del yoga tradicional, accesible para personas con movilidad reducida o quienes busquen una pr\u00e1ctica m\u00e1s suave.<\/p>\n\n\n\n<p>Danzas Folkl\u00f3ricas Argentinas (Nivel inicial)<br>Viernes de 19:00 a 20:30<br>Profesor: Emmanuel Ram\u00edrez<br>Lugar: Pellegrini 472<br>Contacto: 3329 37-0373<br>Taller inicial de danzas tradicionales argentinas, abierto a quienes deseen aprender desde cero y conectar con nuestras ra\u00edces culturales a trav\u00e9s del baile.<\/p>\n\n\n\n<p><strong>Para m\u00e1s informaci\u00f3n o inscripci\u00f3n, se recomienda comunicarse directamente con los docentes de cada propuesta. Todas las actividades se desarrollan en la Casa de la Cultura del Sindicato de Empleados de Comercio, salvo en el caso de las danzas folkl\u00f3ricas, que se dictan en Pellegrini 472.<\/strong><\/p>\n","protected":false},"excerpt":{"rendered":"<p>Desde hace dos a\u00f1os, la Casa de la Cultura del Sindicato de Empleados de Comercio funciona como un espacio de referencia para actividades culturales, recreativas y de bienestar en San Pedro. Para el ciclo 2025, se encuentra abierta la inscripci\u00f3n a una variada oferta de talleres que incluye canto grupal para adultos, canto colectivo, guitarra, [&hellip;]<\/p>\n","protected":false},"author":4,"featured_media":139385,"comment_status":"closed","ping_status":"closed","sticky":false,"template":"","format":"standard","meta":{"om_disable_all_campaigns":false,"_jetpack_memberships_contains_paid_content":false,"footnotes":""},"categories":[101,2],"tags":[],"class_list":["post-139817","post","type-post","status-publish","format-standard","has-post-thumbnail","hentry","category-interes-general-locales","category-locales"],"aioseo_notices":[],"gutentor_comment":0,"jetpack_featured_media_url":"https:\/\/eldiariodesanpedro.com.ar\/sitio\/wp-content\/uploads\/2025\/04\/1677793392303630-1.jpg","jetpack_shortlink":"https:\/\/wp.me\/p6RhLt-An7","jetpack_sharing_enabled":true,"_links":{"self":[{"href":"https:\/\/eldiariodesanpedro.com.ar\/sitio\/wp-json\/wp\/v2\/posts\/139817","targetHints":{"allow":["GET"]}}],"collection":[{"href":"https:\/\/eldiariodesanpedro.com.ar\/sitio\/wp-json\/wp\/v2\/posts"}],"about":[{"href":"https:\/\/eldiariodesanpedro.com.ar\/sitio\/wp-json\/wp\/v2\/types\/post"}],"author":[{"embeddable":true,"href":"https:\/\/eldiariodesanpedro.com.ar\/sitio\/wp-json\/wp\/v2\/users\/4"}],"replies":[{"embeddable":true,"href":"https:\/\/eldiariodesanpedro.com.ar\/sitio\/wp-json\/wp\/v2\/comments?post=139817"}],"version-history":[{"count":1,"href":"https:\/\/eldiariodesanpedro.com.ar\/sitio\/wp-json\/wp\/v2\/posts\/139817\/revisions"}],"predecessor-version":[{"id":139818,"href":"https:\/\/eldiariodesanpedro.com.ar\/sitio\/wp-json\/wp\/v2\/posts\/139817\/revisions\/139818"}],"wp:featuredmedia":[{"embeddable":true,"href":"https:\/\/eldiariodesanpedro.com.ar\/sitio\/wp-json\/wp\/v2\/media\/139385"}],"wp:attachment":[{"href":"https:\/\/eldiariodesanpedro.com.ar\/sitio\/wp-json\/wp\/v2\/media?parent=139817"}],"wp:term":[{"taxonomy":"category","embeddable":true,"href":"https:\/\/eldiariodesanpedro.com.ar\/sitio\/wp-json\/wp\/v2\/categories?post=139817"},{"taxonomy":"post_tag","embeddable":true,"href":"https:\/\/eldiariodesanpedro.com.ar\/sitio\/wp-json\/wp\/v2\/tags?post=139817"}],"curies":[{"name":"wp","href":"https:\/\/api.w.org\/{rel}","templated":true}]}}