{"id":139814,"date":"2025-05-05T18:53:03","date_gmt":"2025-05-05T21:53:03","guid":{"rendered":"https:\/\/eldiariodesanpedro.com.ar\/sitio\/?p=139814"},"modified":"2025-05-05T18:53:07","modified_gmt":"2025-05-05T21:53:07","slug":"allanamiento-en-busca-de-armas-de-fuego-en-alvarado-e-iglesias","status":"publish","type":"post","link":"https:\/\/eldiariodesanpedro.com.ar\/sitio\/allanamiento-en-busca-de-armas-de-fuego-en-alvarado-e-iglesias\/","title":{"rendered":"Allanamiento en busca de armas de fuego en Alvarado e Iglesias"},"content":{"rendered":"<!-- VideographyWP Plugin Message: Automatic video embedding prevented by plugin options. -->\n\n<p>En la ma\u00f1ana de hoy, <strong>personal de la Estaci\u00f3n de Polic\u00eda Comunal (EPC)<\/strong>, en conjunto con la <strong>Sub DDI<\/strong>, llev\u00f3 adelante un <strong>allanamiento<\/strong> en la intersecci\u00f3n de <strong>Alvarado y Manuel Iglesias<\/strong>, en el marco de una <strong>denuncia por amenazas agravadas<\/strong>.<\/p>\n\n\n\n<p>El operativo fue realizado con el objetivo de <strong>buscar armas de fuego<\/strong>, aunque <strong>el resultado fue negativo<\/strong>.<\/p>\n\n\n\n<p>En el lugar tambi\u00e9n se hizo presente <strong>personal de la Secretar\u00eda de Seguridad<\/strong>, encabezado por el <strong>Subsecretario Gabriel Cabral<\/strong>, quien supervis\u00f3 el procedimiento.<\/p>\n\n\n\n<p><strong>#SeguridadCiudadana #Polic\u00edaComunal #Allanamiento #AmenazasAgravadas #GabrielCabral #SubDDI #OperativoPolicial<\/strong><\/p>\n","protected":false},"excerpt":{"rendered":"<p>En la ma\u00f1ana de hoy, personal de la Estaci\u00f3n de Polic\u00eda Comunal (EPC), en conjunto con la Sub DDI, llev\u00f3 adelante un allanamiento en la intersecci\u00f3n de Alvarado y Manuel Iglesias, en el marco de una denuncia por amenazas agravadas. El operativo fue realizado con el objetivo de buscar armas de fuego, aunque el resultado [&hellip;]<\/p>\n","protected":false},"author":4,"featured_media":139815,"comment_status":"closed","ping_status":"closed","sticky":false,"template":"","format":"standard","meta":{"om_disable_all_campaigns":false,"_jetpack_memberships_contains_paid_content":false,"footnotes":""},"categories":[50,2,103],"tags":[],"class_list":["post-139814","post","type-post","status-publish","format-standard","has-post-thumbnail","hentry","category-destacadas","category-locales","category-policiales-locales"],"aioseo_notices":[],"gutentor_comment":0,"jetpack_featured_media_url":"https:\/\/eldiariodesanpedro.com.ar\/sitio\/wp-content\/uploads\/2025\/05\/495581808_1100413918770678_3800951100388556959_n.jpg","jetpack_shortlink":"https:\/\/wp.me\/p6RhLt-An4","jetpack_sharing_enabled":true,"_links":{"self":[{"href":"https:\/\/eldiariodesanpedro.com.ar\/sitio\/wp-json\/wp\/v2\/posts\/139814","targetHints":{"allow":["GET"]}}],"collection":[{"href":"https:\/\/eldiariodesanpedro.com.ar\/sitio\/wp-json\/wp\/v2\/posts"}],"about":[{"href":"https:\/\/eldiariodesanpedro.com.ar\/sitio\/wp-json\/wp\/v2\/types\/post"}],"author":[{"embeddable":true,"href":"https:\/\/eldiariodesanpedro.com.ar\/sitio\/wp-json\/wp\/v2\/users\/4"}],"replies":[{"embeddable":true,"href":"https:\/\/eldiariodesanpedro.com.ar\/sitio\/wp-json\/wp\/v2\/comments?post=139814"}],"version-history":[{"count":1,"href":"https:\/\/eldiariodesanpedro.com.ar\/sitio\/wp-json\/wp\/v2\/posts\/139814\/revisions"}],"predecessor-version":[{"id":139816,"href":"https:\/\/eldiariodesanpedro.com.ar\/sitio\/wp-json\/wp\/v2\/posts\/139814\/revisions\/139816"}],"wp:featuredmedia":[{"embeddable":true,"href":"https:\/\/eldiariodesanpedro.com.ar\/sitio\/wp-json\/wp\/v2\/media\/139815"}],"wp:attachment":[{"href":"https:\/\/eldiariodesanpedro.com.ar\/sitio\/wp-json\/wp\/v2\/media?parent=139814"}],"wp:term":[{"taxonomy":"category","embeddable":true,"href":"https:\/\/eldiariodesanpedro.com.ar\/sitio\/wp-json\/wp\/v2\/categories?post=139814"},{"taxonomy":"post_tag","embeddable":true,"href":"https:\/\/eldiariodesanpedro.com.ar\/sitio\/wp-json\/wp\/v2\/tags?post=139814"}],"curies":[{"name":"wp","href":"https:\/\/api.w.org\/{rel}","templated":true}]}}