{"id":139805,"date":"2025-05-05T18:34:32","date_gmt":"2025-05-05T21:34:32","guid":{"rendered":"https:\/\/eldiariodesanpedro.com.ar\/sitio\/?p=139805"},"modified":"2025-05-05T18:34:36","modified_gmt":"2025-05-05T21:34:36","slug":"martin-rivas-y-acuerdo-ciudadano-lanzan-campana-para-inscribir-a-mayores-contribuyentes","status":"publish","type":"post","link":"https:\/\/eldiariodesanpedro.com.ar\/sitio\/martin-rivas-y-acuerdo-ciudadano-lanzan-campana-para-inscribir-a-mayores-contribuyentes\/","title":{"rendered":"Mart\u00edn Rivas y Acuerdo Ciudadano lanzan campa\u00f1a para inscribir a mayores contribuyentes"},"content":{"rendered":"<!-- VideographyWP Plugin Message: Automatic video embedding prevented by plugin options. -->\n\n<p>En el marco de la pr\u00f3xima convocatoria a <strong>mayores contribuyentes<\/strong>, el concejal <strong>Mart\u00edn Rivas<\/strong> junto al espacio pol\u00edtico <strong>Acuerdo Ciudadano<\/strong> ha lanzado una campa\u00f1a destinada a fomentar la <strong>inscripci\u00f3n de vecinos que pagan tasas municipales<\/strong>, con el objetivo de que puedan <strong>participar activamente en decisiones clave<\/strong>, como los aumentos de dichas tasas.<\/p>\n\n\n\n<p>La inscripci\u00f3n estar\u00e1 habilitada <strong>desde el lunes 5 hasta el jueves 15 de mayo<\/strong>, y se realizar\u00e1 en la <strong>oficina de Rentas de la Municipalidad<\/strong>, ubicada en <strong>Pellegrini 150<\/strong>. Los interesados deber\u00e1n presentarse con su <strong>DNI<\/strong> para formalizar el tr\u00e1mite.<\/p>\n\n\n\n<p>Desde el espacio remarcan que <strong>la participaci\u00f3n ciudadana es fundamental para garantizar la transparencia y la representatividad<\/strong>, especialmente en un contexto donde <strong>las asambleas suelen estar influenciadas por el oficialismo<\/strong>, generando cierta <strong>desconfianza en la comunidad<\/strong>.<\/p>\n\n\n\n<p>Esta iniciativa busca que los <strong>contribuyentes tengan voz y voto<\/strong> en la definici\u00f3n del aumento de tasas municipales, una medida que puede <strong>impactar directamente en la econom\u00eda local<\/strong> y en el bienestar de los vecinos.<\/p>\n\n\n\n<p><strong>#SanPedroParticipa #TransparenciaCiudadana #Mart\u00ednRivas #AcuerdoCiudadano #MayoresContribuyentes #Econom\u00edaLocal #Decisi\u00f3nVecinal<\/strong><\/p>\n\n\n\n<div class=\"wp-block-jetpack-slideshow aligncenter\" data-effect=\"slide\"><div class=\"wp-block-jetpack-slideshow_container swiper-container\"><ul class=\"wp-block-jetpack-slideshow_swiper-wrapper swiper-wrapper\"><li class=\"wp-block-jetpack-slideshow_slide swiper-slide\"><figure><img decoding=\"async\" width=\"511\" height=\"630\" alt=\"\" class=\"wp-block-jetpack-slideshow_image wp-image-139806 lazyload\" data-id=\"139806\" data-src=\"https:\/\/eldiariodesanpedro.com.ar\/sitio\/wp-content\/uploads\/2025\/05\/Imagen-de-WhatsApp-2025-05-05-a-las-11.07.05_b9fda07d.jpg\" data-srcset=\"https:\/\/eldiariodesanpedro.com.ar\/sitio\/wp-content\/uploads\/2025\/05\/Imagen-de-WhatsApp-2025-05-05-a-las-11.07.05_b9fda07d.jpg 511w, https:\/\/eldiariodesanpedro.com.ar\/sitio\/wp-content\/uploads\/2025\/05\/Imagen-de-WhatsApp-2025-05-05-a-las-11.07.05_b9fda07d-243x300.jpg 243w\" data-sizes=\"(max-width: 511px) 100vw, 511px\" src=\"data:image\/svg+xml;base64,PHN2ZyB3aWR0aD0iMSIgaGVpZ2h0PSIxIiB4bWxucz0iaHR0cDovL3d3dy53My5vcmcvMjAwMC9zdmciPjwvc3ZnPg==\" style=\"--smush-placeholder-width: 511px; --smush-placeholder-aspect-ratio: 511\/630;\" \/><\/figure><\/li><li class=\"wp-block-jetpack-slideshow_slide swiper-slide\"><figure><img decoding=\"async\" width=\"508\" height=\"630\" alt=\"\" class=\"wp-block-jetpack-slideshow_image wp-image-139809 lazyload\" data-id=\"139809\" data-src=\"https:\/\/eldiariodesanpedro.com.ar\/sitio\/wp-content\/uploads\/2025\/05\/Imagen-de-WhatsApp-2025-05-05-a-las-11.07.06_2f4529df.jpg\" data-srcset=\"https:\/\/eldiariodesanpedro.com.ar\/sitio\/wp-content\/uploads\/2025\/05\/Imagen-de-WhatsApp-2025-05-05-a-las-11.07.06_2f4529df.jpg 508w, https:\/\/eldiariodesanpedro.com.ar\/sitio\/wp-content\/uploads\/2025\/05\/Imagen-de-WhatsApp-2025-05-05-a-las-11.07.06_2f4529df-242x300.jpg 242w\" data-sizes=\"(max-width: 508px) 100vw, 508px\" src=\"data:image\/svg+xml;base64,PHN2ZyB3aWR0aD0iMSIgaGVpZ2h0PSIxIiB4bWxucz0iaHR0cDovL3d3dy53My5vcmcvMjAwMC9zdmciPjwvc3ZnPg==\" style=\"--smush-placeholder-width: 508px; --smush-placeholder-aspect-ratio: 508\/630;\" \/><\/figure><\/li><li class=\"wp-block-jetpack-slideshow_slide swiper-slide\"><figure><img decoding=\"async\" width=\"513\" height=\"630\" alt=\"\" class=\"wp-block-jetpack-slideshow_image wp-image-139808 lazyload\" data-id=\"139808\" data-src=\"https:\/\/eldiariodesanpedro.com.ar\/sitio\/wp-content\/uploads\/2025\/05\/Imagen-de-WhatsApp-2025-05-05-a-las-11.07.06_20ed83a0.jpg\" data-srcset=\"https:\/\/eldiariodesanpedro.com.ar\/sitio\/wp-content\/uploads\/2025\/05\/Imagen-de-WhatsApp-2025-05-05-a-las-11.07.06_20ed83a0.jpg 513w, https:\/\/eldiariodesanpedro.com.ar\/sitio\/wp-content\/uploads\/2025\/05\/Imagen-de-WhatsApp-2025-05-05-a-las-11.07.06_20ed83a0-244x300.jpg 244w\" data-sizes=\"(max-width: 513px) 100vw, 513px\" src=\"data:image\/svg+xml;base64,PHN2ZyB3aWR0aD0iMSIgaGVpZ2h0PSIxIiB4bWxucz0iaHR0cDovL3d3dy53My5vcmcvMjAwMC9zdmciPjwvc3ZnPg==\" style=\"--smush-placeholder-width: 513px; --smush-placeholder-aspect-ratio: 513\/630;\" \/><\/figure><\/li><li class=\"wp-block-jetpack-slideshow_slide swiper-slide\"><figure><img decoding=\"async\" width=\"512\" height=\"630\" alt=\"\" class=\"wp-block-jetpack-slideshow_image wp-image-139810 lazyload\" data-id=\"139810\" data-src=\"https:\/\/eldiariodesanpedro.com.ar\/sitio\/wp-content\/uploads\/2025\/05\/Imagen-de-WhatsApp-2025-05-05-a-las-11.07.06_910aeed2.jpg\" data-srcset=\"https:\/\/eldiariodesanpedro.com.ar\/sitio\/wp-content\/uploads\/2025\/05\/Imagen-de-WhatsApp-2025-05-05-a-las-11.07.06_910aeed2.jpg 512w, https:\/\/eldiariodesanpedro.com.ar\/sitio\/wp-content\/uploads\/2025\/05\/Imagen-de-WhatsApp-2025-05-05-a-las-11.07.06_910aeed2-244x300.jpg 244w\" data-sizes=\"(max-width: 512px) 100vw, 512px\" src=\"data:image\/svg+xml;base64,PHN2ZyB3aWR0aD0iMSIgaGVpZ2h0PSIxIiB4bWxucz0iaHR0cDovL3d3dy53My5vcmcvMjAwMC9zdmciPjwvc3ZnPg==\" style=\"--smush-placeholder-width: 512px; --smush-placeholder-aspect-ratio: 512\/630;\" \/><\/figure><\/li><li class=\"wp-block-jetpack-slideshow_slide swiper-slide\"><figure><img decoding=\"async\" width=\"513\" height=\"630\" alt=\"\" class=\"wp-block-jetpack-slideshow_image wp-image-139811 lazyload\" data-id=\"139811\" data-src=\"https:\/\/eldiariodesanpedro.com.ar\/sitio\/wp-content\/uploads\/2025\/05\/Imagen-de-WhatsApp-2025-05-05-a-las-11.07.06_b6726402.jpg\" data-srcset=\"https:\/\/eldiariodesanpedro.com.ar\/sitio\/wp-content\/uploads\/2025\/05\/Imagen-de-WhatsApp-2025-05-05-a-las-11.07.06_b6726402.jpg 513w, https:\/\/eldiariodesanpedro.com.ar\/sitio\/wp-content\/uploads\/2025\/05\/Imagen-de-WhatsApp-2025-05-05-a-las-11.07.06_b6726402-244x300.jpg 244w\" data-sizes=\"(max-width: 513px) 100vw, 513px\" src=\"data:image\/svg+xml;base64,PHN2ZyB3aWR0aD0iMSIgaGVpZ2h0PSIxIiB4bWxucz0iaHR0cDovL3d3dy53My5vcmcvMjAwMC9zdmciPjwvc3ZnPg==\" style=\"--smush-placeholder-width: 513px; --smush-placeholder-aspect-ratio: 513\/630;\" \/><\/figure><\/li><li class=\"wp-block-jetpack-slideshow_slide swiper-slide\"><figure><img decoding=\"async\" width=\"509\" height=\"630\" alt=\"\" class=\"wp-block-jetpack-slideshow_image wp-image-139807 lazyload\" data-id=\"139807\" data-src=\"https:\/\/eldiariodesanpedro.com.ar\/sitio\/wp-content\/uploads\/2025\/05\/Imagen-de-WhatsApp-2025-05-05-a-las-11.07.07_c6c5b4b5.jpg\" data-srcset=\"https:\/\/eldiariodesanpedro.com.ar\/sitio\/wp-content\/uploads\/2025\/05\/Imagen-de-WhatsApp-2025-05-05-a-las-11.07.07_c6c5b4b5.jpg 509w, https:\/\/eldiariodesanpedro.com.ar\/sitio\/wp-content\/uploads\/2025\/05\/Imagen-de-WhatsApp-2025-05-05-a-las-11.07.07_c6c5b4b5-242x300.jpg 242w\" data-sizes=\"(max-width: 509px) 100vw, 509px\" src=\"data:image\/svg+xml;base64,PHN2ZyB3aWR0aD0iMSIgaGVpZ2h0PSIxIiB4bWxucz0iaHR0cDovL3d3dy53My5vcmcvMjAwMC9zdmciPjwvc3ZnPg==\" style=\"--smush-placeholder-width: 509px; --smush-placeholder-aspect-ratio: 509\/630;\" \/><\/figure><\/li><li class=\"wp-block-jetpack-slideshow_slide swiper-slide\"><figure><img decoding=\"async\" width=\"509\" height=\"630\" alt=\"\" class=\"wp-block-jetpack-slideshow_image wp-image-139812 lazyload\" data-id=\"139812\" data-src=\"https:\/\/eldiariodesanpedro.com.ar\/sitio\/wp-content\/uploads\/2025\/05\/Imagen-de-WhatsApp-2025-05-05-a-las-11.07.07_f2f198fa.jpg\" data-srcset=\"https:\/\/eldiariodesanpedro.com.ar\/sitio\/wp-content\/uploads\/2025\/05\/Imagen-de-WhatsApp-2025-05-05-a-las-11.07.07_f2f198fa.jpg 509w, https:\/\/eldiariodesanpedro.com.ar\/sitio\/wp-content\/uploads\/2025\/05\/Imagen-de-WhatsApp-2025-05-05-a-las-11.07.07_f2f198fa-242x300.jpg 242w\" data-sizes=\"(max-width: 509px) 100vw, 509px\" src=\"data:image\/svg+xml;base64,PHN2ZyB3aWR0aD0iMSIgaGVpZ2h0PSIxIiB4bWxucz0iaHR0cDovL3d3dy53My5vcmcvMjAwMC9zdmciPjwvc3ZnPg==\" style=\"--smush-placeholder-width: 509px; --smush-placeholder-aspect-ratio: 509\/630;\" \/><\/figure><\/li><\/ul><a class=\"wp-block-jetpack-slideshow_button-prev swiper-button-prev swiper-button-white\" role=\"button\"><\/a><a class=\"wp-block-jetpack-slideshow_button-next swiper-button-next swiper-button-white\" role=\"button\"><\/a><a aria-label=\"Pause Slideshow\" class=\"wp-block-jetpack-slideshow_button-pause\" role=\"button\"><\/a><div class=\"wp-block-jetpack-slideshow_pagination swiper-pagination swiper-pagination-white\"><\/div><\/div><\/div>\n","protected":false},"excerpt":{"rendered":"<p>En el marco de la pr\u00f3xima convocatoria a mayores contribuyentes, el concejal Mart\u00edn Rivas junto al espacio pol\u00edtico Acuerdo Ciudadano ha lanzado una campa\u00f1a destinada a fomentar la inscripci\u00f3n de vecinos que pagan tasas municipales, con el objetivo de que puedan participar activamente en decisiones clave, como los aumentos de dichas tasas. La inscripci\u00f3n estar\u00e1 [&hellip;]<\/p>\n","protected":false},"author":4,"featured_media":79306,"comment_status":"closed","ping_status":"closed","sticky":false,"template":"","format":"standard","meta":{"om_disable_all_campaigns":false,"_jetpack_memberships_contains_paid_content":false,"footnotes":""},"categories":[101,2],"tags":[],"class_list":["post-139805","post","type-post","status-publish","format-standard","has-post-thumbnail","hentry","category-interes-general-locales","category-locales"],"aioseo_notices":[],"gutentor_comment":0,"jetpack_featured_media_url":"https:\/\/eldiariodesanpedro.com.ar\/sitio\/wp-content\/uploads\/2020\/08\/20200118-125534-largejpg.jpg","jetpack_shortlink":"https:\/\/wp.me\/p6RhLt-AmV","jetpack_sharing_enabled":true,"_links":{"self":[{"href":"https:\/\/eldiariodesanpedro.com.ar\/sitio\/wp-json\/wp\/v2\/posts\/139805","targetHints":{"allow":["GET"]}}],"collection":[{"href":"https:\/\/eldiariodesanpedro.com.ar\/sitio\/wp-json\/wp\/v2\/posts"}],"about":[{"href":"https:\/\/eldiariodesanpedro.com.ar\/sitio\/wp-json\/wp\/v2\/types\/post"}],"author":[{"embeddable":true,"href":"https:\/\/eldiariodesanpedro.com.ar\/sitio\/wp-json\/wp\/v2\/users\/4"}],"replies":[{"embeddable":true,"href":"https:\/\/eldiariodesanpedro.com.ar\/sitio\/wp-json\/wp\/v2\/comments?post=139805"}],"version-history":[{"count":1,"href":"https:\/\/eldiariodesanpedro.com.ar\/sitio\/wp-json\/wp\/v2\/posts\/139805\/revisions"}],"predecessor-version":[{"id":139813,"href":"https:\/\/eldiariodesanpedro.com.ar\/sitio\/wp-json\/wp\/v2\/posts\/139805\/revisions\/139813"}],"wp:featuredmedia":[{"embeddable":true,"href":"https:\/\/eldiariodesanpedro.com.ar\/sitio\/wp-json\/wp\/v2\/media\/79306"}],"wp:attachment":[{"href":"https:\/\/eldiariodesanpedro.com.ar\/sitio\/wp-json\/wp\/v2\/media?parent=139805"}],"wp:term":[{"taxonomy":"category","embeddable":true,"href":"https:\/\/eldiariodesanpedro.com.ar\/sitio\/wp-json\/wp\/v2\/categories?post=139805"},{"taxonomy":"post_tag","embeddable":true,"href":"https:\/\/eldiariodesanpedro.com.ar\/sitio\/wp-json\/wp\/v2\/tags?post=139805"}],"curies":[{"name":"wp","href":"https:\/\/api.w.org\/{rel}","templated":true}]}}