{"id":139802,"date":"2025-05-05T18:08:34","date_gmt":"2025-05-05T21:08:34","guid":{"rendered":"https:\/\/eldiariodesanpedro.com.ar\/sitio\/?p=139802"},"modified":"2025-05-05T18:08:38","modified_gmt":"2025-05-05T21:08:38","slug":"hallaron-en-campana-al-joven-enzo-sanchez-en-buen-estado-de-salud","status":"publish","type":"post","link":"https:\/\/eldiariodesanpedro.com.ar\/sitio\/hallaron-en-campana-al-joven-enzo-sanchez-en-buen-estado-de-salud\/","title":{"rendered":"Hallaron en Campana al joven Enzo S\u00e1nchez en buen estado de salud"},"content":{"rendered":"<!-- VideographyWP Plugin Message: Automatic video embedding prevented by plugin options. -->\n\n<p><strong>Enzo S\u00e1nchez<\/strong>, el joven oriundo de <strong>San Pedro<\/strong> que hab\u00eda desaparecido la semana pasada, <strong>fue hallado este lunes en la ciudad de Campana en buen estado de salud<\/strong>, seg\u00fan confirmaron fuentes oficiales.<\/p>\n\n\n\n<p>El joven fue encontrado <strong>en la casa de una mujer con la que hab\u00eda entablado contacto d\u00edas antes<\/strong>, y todo indica que ten\u00eda <strong>intenciones de radicarse en dicha ciudad<\/strong>. Desde un primer momento, se sab\u00eda que S\u00e1nchez hab\u00eda salido de San Pedro en bicicleta y, posteriormente, <strong>fue captado por c\u00e1maras de seguridad ingresando a Campana<\/strong> durante el fin de semana.<\/p>\n\n\n\n<p>La investigaci\u00f3n estuvo a cargo de la <strong>DDI local<\/strong>, que <strong>solicit\u00f3, obtuvo y analiz\u00f3 im\u00e1genes de c\u00e1maras tanto municipales como privadas<\/strong>, no solo de San Pedro sino tambi\u00e9n de localidades vecinas. Adem\u00e1s, el trabajo de an\u00e1lisis del equipo investigador incluy\u00f3 <strong>el rastreo del celular de S\u00e1nchez<\/strong>, el cual <strong>impact\u00f3 en una antena ubicada en Campana tras su desaparici\u00f3n<\/strong>.<\/p>\n\n\n\n<p>Ese dato fue clave para dar con nuevas pistas. <strong>El 1 de mayo, pasadas las 17:30<\/strong>, c\u00e1maras de seguridad del municipio de Campana <strong>lo captaron ingresando en bicicleta<\/strong>, lo que orient\u00f3 a los investigadores hacia esa zona.<\/p>\n\n\n\n<p>Con esta informaci\u00f3n, <strong>personal de la DDI San Pedro se traslad\u00f3 hasta Campana<\/strong>, donde se realizaron <strong>entrevistas a vecinos, recorridas y b\u00fasquedas en distintas instituciones<\/strong> en un operativo coordinado.<\/p>\n\n\n\n<p><strong>Finalmente, este lunes<\/strong>, el joven fue <strong>ubicado por personal sampedrino junto con equipos y medios de la Secretar\u00eda de Seguridad<\/strong>, concluyendo de forma positiva una b\u00fasqueda que hab\u00eda generado gran preocupaci\u00f3n en la comunidad.<\/p>\n\n\n\n<p>#EnzoS\u00e1nchez #SanPedro #Campana #Desaparici\u00f3n #DDI #B\u00fasqueda #Seguridad #NoticiasSanPedro #Hallazgo<\/p>\n","protected":false},"excerpt":{"rendered":"<p>Enzo S\u00e1nchez, el joven oriundo de San Pedro que hab\u00eda desaparecido la semana pasada, fue hallado este lunes en la ciudad de Campana en buen estado de salud, seg\u00fan confirmaron fuentes oficiales. El joven fue encontrado en la casa de una mujer con la que hab\u00eda entablado contacto d\u00edas antes, y todo indica que ten\u00eda [&hellip;]<\/p>\n","protected":false},"author":4,"featured_media":139803,"comment_status":"closed","ping_status":"closed","sticky":false,"template":"","format":"standard","meta":{"om_disable_all_campaigns":false,"_jetpack_memberships_contains_paid_content":false,"footnotes":""},"categories":[50,2,103],"tags":[],"class_list":["post-139802","post","type-post","status-publish","format-standard","has-post-thumbnail","hentry","category-destacadas","category-locales","category-policiales-locales"],"aioseo_notices":[],"gutentor_comment":0,"jetpack_featured_media_url":"https:\/\/eldiariodesanpedro.com.ar\/sitio\/wp-content\/uploads\/2025\/05\/medida-18.jpg","jetpack_shortlink":"https:\/\/wp.me\/p6RhLt-AmS","jetpack_sharing_enabled":true,"_links":{"self":[{"href":"https:\/\/eldiariodesanpedro.com.ar\/sitio\/wp-json\/wp\/v2\/posts\/139802","targetHints":{"allow":["GET"]}}],"collection":[{"href":"https:\/\/eldiariodesanpedro.com.ar\/sitio\/wp-json\/wp\/v2\/posts"}],"about":[{"href":"https:\/\/eldiariodesanpedro.com.ar\/sitio\/wp-json\/wp\/v2\/types\/post"}],"author":[{"embeddable":true,"href":"https:\/\/eldiariodesanpedro.com.ar\/sitio\/wp-json\/wp\/v2\/users\/4"}],"replies":[{"embeddable":true,"href":"https:\/\/eldiariodesanpedro.com.ar\/sitio\/wp-json\/wp\/v2\/comments?post=139802"}],"version-history":[{"count":1,"href":"https:\/\/eldiariodesanpedro.com.ar\/sitio\/wp-json\/wp\/v2\/posts\/139802\/revisions"}],"predecessor-version":[{"id":139804,"href":"https:\/\/eldiariodesanpedro.com.ar\/sitio\/wp-json\/wp\/v2\/posts\/139802\/revisions\/139804"}],"wp:featuredmedia":[{"embeddable":true,"href":"https:\/\/eldiariodesanpedro.com.ar\/sitio\/wp-json\/wp\/v2\/media\/139803"}],"wp:attachment":[{"href":"https:\/\/eldiariodesanpedro.com.ar\/sitio\/wp-json\/wp\/v2\/media?parent=139802"}],"wp:term":[{"taxonomy":"category","embeddable":true,"href":"https:\/\/eldiariodesanpedro.com.ar\/sitio\/wp-json\/wp\/v2\/categories?post=139802"},{"taxonomy":"post_tag","embeddable":true,"href":"https:\/\/eldiariodesanpedro.com.ar\/sitio\/wp-json\/wp\/v2\/tags?post=139802"}],"curies":[{"name":"wp","href":"https:\/\/api.w.org\/{rel}","templated":true}]}}