{"id":139800,"date":"2025-05-05T15:53:22","date_gmt":"2025-05-05T18:53:22","guid":{"rendered":"https:\/\/eldiariodesanpedro.com.ar\/sitio\/?p=139800"},"modified":"2025-05-05T15:53:26","modified_gmt":"2025-05-05T18:53:26","slug":"regresa-el-camion-de-pastas-y-lacteos-con-productos-de-calidad-y-precios-accesibles","status":"publish","type":"post","link":"https:\/\/eldiariodesanpedro.com.ar\/sitio\/regresa-el-camion-de-pastas-y-lacteos-con-productos-de-calidad-y-precios-accesibles\/","title":{"rendered":"Regresa el cami\u00f3n de pastas y l\u00e1cteos con productos de calidad y precios accesibles"},"content":{"rendered":"<!-- VideographyWP Plugin Message: Automatic video embedding prevented by plugin options. -->\n\n<p>La <strong>Municipalidad de San Pedro<\/strong>, a trav\u00e9s de la <strong>Secretar\u00eda de Producci\u00f3n, Industria y Comercio<\/strong>, informa que el <strong>viernes 9 y el s\u00e1bado 10 de mayo<\/strong> regresa el <strong>cami\u00f3n de Pastas y L\u00e1cteos<\/strong>, una iniciativa que busca <strong>acercar productos de calidad a precios accesibles<\/strong> a los vecinos y vecinas de todo el partido.<\/p>\n\n\n\n<p>El <strong>viernes 9 de mayo<\/strong>, el cami\u00f3n visitar\u00e1 las siguientes localidades:<\/p>\n\n\n\n<ul class=\"wp-block-list\">\n<li><strong>Santa Luc\u00eda<\/strong>: de <strong>8:30 a 13:00<\/strong>, frente a la <strong>Delegaci\u00f3n Municipal<\/strong>.<\/li>\n\n\n\n<li><strong>Doyle<\/strong>: de <strong>14:00 a 15:30<\/strong>, frente a la <strong>plaza de la localidad<\/strong>.<\/li>\n\n\n\n<li><strong>R\u00edo Tala<\/strong>: de <strong>16:00 a 18:00<\/strong>, frente a la <strong>Delegaci\u00f3n Municipal<\/strong>.<\/li>\n\n\n\n<li><strong>Gobernador Castro<\/strong>: de <strong>8:30 a 13:30<\/strong>, frente a la <strong>Delegaci\u00f3n Municipal<\/strong>.<\/li>\n\n\n\n<li><strong>Vuelta de Obligado<\/strong>: de <strong>15:00 a 17:00<\/strong>, en <strong>Plaza Santiago Moreira<\/strong>.<\/li>\n<\/ul>\n\n\n\n<p>El <strong>s\u00e1bado 10 de mayo<\/strong>, la atenci\u00f3n ser\u00e1 en <strong>San Pedro<\/strong>, de <strong>8:30 a 13:30<\/strong>, en la <strong>Plaza Constituci\u00f3n<\/strong>.<\/p>\n\n\n\n<p>Esta propuesta permite a los vecinos <strong>acceder a alimentos esenciales a precios justos<\/strong>, fortaleciendo el compromiso del municipio con la <strong>econom\u00eda familiar y el consumo responsable<\/strong>.<\/p>\n\n\n\n<p><strong>#SanPedro #PastasYL\u00e1cteos #Econom\u00edaFamiliar #MunicipalidadDeSanPedro #PreciosAccesibles #ConsumoResponsable<\/strong><\/p>\n","protected":false},"excerpt":{"rendered":"<p>La Municipalidad de San Pedro, a trav\u00e9s de la Secretar\u00eda de Producci\u00f3n, Industria y Comercio, informa que el viernes 9 y el s\u00e1bado 10 de mayo regresa el cami\u00f3n de Pastas y L\u00e1cteos, una iniciativa que busca acercar productos de calidad a precios accesibles a los vecinos y vecinas de todo el partido. El viernes [&hellip;]<\/p>\n","protected":false},"author":4,"featured_media":33302,"comment_status":"closed","ping_status":"closed","sticky":false,"template":"","format":"standard","meta":{"om_disable_all_campaigns":false,"_jetpack_memberships_contains_paid_content":false,"footnotes":""},"categories":[101,2],"tags":[],"class_list":["post-139800","post","type-post","status-publish","format-standard","has-post-thumbnail","hentry","category-interes-general-locales","category-locales"],"aioseo_notices":[],"gutentor_comment":0,"jetpack_featured_media_url":"https:\/\/eldiariodesanpedro.com.ar\/sitio\/wp-content\/uploads\/2018\/05\/Cami\u00f3n-de-Red-Comunitaria-en-san-pedro.jpeg","jetpack_shortlink":"https:\/\/wp.me\/p6RhLt-AmQ","jetpack_sharing_enabled":true,"_links":{"self":[{"href":"https:\/\/eldiariodesanpedro.com.ar\/sitio\/wp-json\/wp\/v2\/posts\/139800","targetHints":{"allow":["GET"]}}],"collection":[{"href":"https:\/\/eldiariodesanpedro.com.ar\/sitio\/wp-json\/wp\/v2\/posts"}],"about":[{"href":"https:\/\/eldiariodesanpedro.com.ar\/sitio\/wp-json\/wp\/v2\/types\/post"}],"author":[{"embeddable":true,"href":"https:\/\/eldiariodesanpedro.com.ar\/sitio\/wp-json\/wp\/v2\/users\/4"}],"replies":[{"embeddable":true,"href":"https:\/\/eldiariodesanpedro.com.ar\/sitio\/wp-json\/wp\/v2\/comments?post=139800"}],"version-history":[{"count":1,"href":"https:\/\/eldiariodesanpedro.com.ar\/sitio\/wp-json\/wp\/v2\/posts\/139800\/revisions"}],"predecessor-version":[{"id":139801,"href":"https:\/\/eldiariodesanpedro.com.ar\/sitio\/wp-json\/wp\/v2\/posts\/139800\/revisions\/139801"}],"wp:featuredmedia":[{"embeddable":true,"href":"https:\/\/eldiariodesanpedro.com.ar\/sitio\/wp-json\/wp\/v2\/media\/33302"}],"wp:attachment":[{"href":"https:\/\/eldiariodesanpedro.com.ar\/sitio\/wp-json\/wp\/v2\/media?parent=139800"}],"wp:term":[{"taxonomy":"category","embeddable":true,"href":"https:\/\/eldiariodesanpedro.com.ar\/sitio\/wp-json\/wp\/v2\/categories?post=139800"},{"taxonomy":"post_tag","embeddable":true,"href":"https:\/\/eldiariodesanpedro.com.ar\/sitio\/wp-json\/wp\/v2\/tags?post=139800"}],"curies":[{"name":"wp","href":"https:\/\/api.w.org\/{rel}","templated":true}]}}