{"id":139797,"date":"2025-05-05T15:35:47","date_gmt":"2025-05-05T18:35:47","guid":{"rendered":"https:\/\/eldiariodesanpedro.com.ar\/sitio\/?p=139797"},"modified":"2025-05-05T15:35:51","modified_gmt":"2025-05-05T18:35:51","slug":"san-pedro-refuerza-la-prevencion-con-nuevas-campanas-de-vacunacion-y-controles-de-salud","status":"publish","type":"post","link":"https:\/\/eldiariodesanpedro.com.ar\/sitio\/san-pedro-refuerza-la-prevencion-con-nuevas-campanas-de-vacunacion-y-controles-de-salud\/","title":{"rendered":"San Pedro refuerza la prevenci\u00f3n con nuevas campa\u00f1as de vacunaci\u00f3n y controles de salud"},"content":{"rendered":"<!-- VideographyWP Plugin Message: Automatic video embedding prevented by plugin options. -->\n\n<p>La <strong>Municipalidad de San Pedro<\/strong>, a trav\u00e9s de la <strong>Secretar\u00eda de Salud<\/strong>, llevar\u00e1 adelante <strong>nuevas jornadas de vacunaci\u00f3n antigripal y controles de salud integral<\/strong> en diversos <strong>centros de atenci\u00f3n primaria y espacios p\u00fablicos<\/strong> del partido.<\/p>\n\n\n\n<p>Estas acciones tienen como objetivo <strong>fortalecer la prevenci\u00f3n en la comunidad<\/strong> y asegurar el acceso a servicios de salud esenciales para todos los vecinos, especialmente los <strong>grupos priorizados<\/strong>.<\/p>\n\n\n\n<p>El cronograma de actividades ser\u00e1 el siguiente:<\/p>\n\n\n\n<ul class=\"wp-block-list\">\n<li><strong>Mi\u00e9rcoles 7 de mayo<\/strong>: <strong>CAPS Mateo Sbert<\/strong><\/li>\n\n\n\n<li><strong>Viernes 9 de mayo<\/strong>: <strong>CAPS Los Aromos<\/strong><\/li>\n\n\n\n<li><strong>Martes 13 de mayo<\/strong>: <strong>Plaza Belgrano<\/strong><\/li>\n\n\n\n<li><strong>Mi\u00e9rcoles 14 de mayo<\/strong>: <strong>Plaza Constituci\u00f3n<\/strong><\/li>\n<\/ul>\n\n\n\n<p>Todas las jornadas comenzar\u00e1n a partir de las <strong>09:00 hs<\/strong> y ofrecer\u00e1n la <strong>aplicaci\u00f3n de la vacuna antigripal<\/strong> as\u00ed como <strong>controles generales de salud<\/strong>.<\/p>\n\n\n\n<p>Estas iniciativas forman parte del compromiso del municipio con la <strong>prevenci\u00f3n, el cuidado de la salud p\u00fablica<\/strong> y el <strong>acercamiento de servicios m\u00e9dicos a los barrios<\/strong>.<\/p>\n\n\n\n<p>#Vacunaci\u00f3nSanPedro #SaludP\u00fablica #ControlesDeSalud #VacunaAntigripal #SanPedroPreviene #SaludParaTodos<\/p>\n\n\n\n<figure class=\"wp-block-image size-full\"><img decoding=\"async\" width=\"504\" height=\"630\" data-attachment-id=\"139798\" data-permalink=\"https:\/\/eldiariodesanpedro.com.ar\/sitio\/san-pedro-refuerza-la-prevencion-con-nuevas-campanas-de-vacunacion-y-controles-de-salud\/imagen-de-whatsapp-2025-05-05-a-las-11-40-07_98e9ad2e\/\" data-orig-file=\"https:\/\/eldiariodesanpedro.com.ar\/sitio\/wp-content\/uploads\/2025\/05\/Imagen-de-WhatsApp-2025-05-05-a-las-11.40.07_98e9ad2e.jpg\" data-orig-size=\"504,630\" data-comments-opened=\"0\" data-image-meta=\"{&quot;aperture&quot;:&quot;0&quot;,&quot;credit&quot;:&quot;&quot;,&quot;camera&quot;:&quot;&quot;,&quot;caption&quot;:&quot;&quot;,&quot;created_timestamp&quot;:&quot;0&quot;,&quot;copyright&quot;:&quot;&quot;,&quot;focal_length&quot;:&quot;0&quot;,&quot;iso&quot;:&quot;0&quot;,&quot;shutter_speed&quot;:&quot;0&quot;,&quot;title&quot;:&quot;&quot;,&quot;orientation&quot;:&quot;0&quot;}\" data-image-title=\"Imagen de WhatsApp 2025-05-05 a las 11.40.07_98e9ad2e\" data-image-description=\"\" data-image-caption=\"\" data-large-file=\"https:\/\/eldiariodesanpedro.com.ar\/sitio\/wp-content\/uploads\/2025\/05\/Imagen-de-WhatsApp-2025-05-05-a-las-11.40.07_98e9ad2e.jpg\" data-src=\"https:\/\/eldiariodesanpedro.com.ar\/sitio\/wp-content\/uploads\/2025\/05\/Imagen-de-WhatsApp-2025-05-05-a-las-11.40.07_98e9ad2e.jpg\" alt=\"\" class=\"wp-image-139798 lazyload\" data-srcset=\"https:\/\/eldiariodesanpedro.com.ar\/sitio\/wp-content\/uploads\/2025\/05\/Imagen-de-WhatsApp-2025-05-05-a-las-11.40.07_98e9ad2e.jpg 504w, https:\/\/eldiariodesanpedro.com.ar\/sitio\/wp-content\/uploads\/2025\/05\/Imagen-de-WhatsApp-2025-05-05-a-las-11.40.07_98e9ad2e-240x300.jpg 240w\" data-sizes=\"(max-width: 504px) 100vw, 504px\" src=\"data:image\/svg+xml;base64,PHN2ZyB3aWR0aD0iMSIgaGVpZ2h0PSIxIiB4bWxucz0iaHR0cDovL3d3dy53My5vcmcvMjAwMC9zdmciPjwvc3ZnPg==\" style=\"--smush-placeholder-width: 504px; --smush-placeholder-aspect-ratio: 504\/630;\" \/><\/figure>\n","protected":false},"excerpt":{"rendered":"<p>La Municipalidad de San Pedro, a trav\u00e9s de la Secretar\u00eda de Salud, llevar\u00e1 adelante nuevas jornadas de vacunaci\u00f3n antigripal y controles de salud integral en diversos centros de atenci\u00f3n primaria y espacios p\u00fablicos del partido. Estas acciones tienen como objetivo fortalecer la prevenci\u00f3n en la comunidad y asegurar el acceso a servicios de salud esenciales [&hellip;]<\/p>\n","protected":false},"author":4,"featured_media":138313,"comment_status":"closed","ping_status":"closed","sticky":false,"template":"","format":"standard","meta":{"om_disable_all_campaigns":false,"_jetpack_memberships_contains_paid_content":false,"footnotes":""},"categories":[101,2],"tags":[],"class_list":["post-139797","post","type-post","status-publish","format-standard","has-post-thumbnail","hentry","category-interes-general-locales","category-locales"],"aioseo_notices":[],"gutentor_comment":0,"jetpack_featured_media_url":"https:\/\/eldiariodesanpedro.com.ar\/sitio\/wp-content\/uploads\/2025\/03\/WhatsApp-Image-2025-03-19-at-17.30.33-2.jpeg","jetpack_shortlink":"https:\/\/wp.me\/p6RhLt-AmN","jetpack_sharing_enabled":true,"_links":{"self":[{"href":"https:\/\/eldiariodesanpedro.com.ar\/sitio\/wp-json\/wp\/v2\/posts\/139797","targetHints":{"allow":["GET"]}}],"collection":[{"href":"https:\/\/eldiariodesanpedro.com.ar\/sitio\/wp-json\/wp\/v2\/posts"}],"about":[{"href":"https:\/\/eldiariodesanpedro.com.ar\/sitio\/wp-json\/wp\/v2\/types\/post"}],"author":[{"embeddable":true,"href":"https:\/\/eldiariodesanpedro.com.ar\/sitio\/wp-json\/wp\/v2\/users\/4"}],"replies":[{"embeddable":true,"href":"https:\/\/eldiariodesanpedro.com.ar\/sitio\/wp-json\/wp\/v2\/comments?post=139797"}],"version-history":[{"count":1,"href":"https:\/\/eldiariodesanpedro.com.ar\/sitio\/wp-json\/wp\/v2\/posts\/139797\/revisions"}],"predecessor-version":[{"id":139799,"href":"https:\/\/eldiariodesanpedro.com.ar\/sitio\/wp-json\/wp\/v2\/posts\/139797\/revisions\/139799"}],"wp:featuredmedia":[{"embeddable":true,"href":"https:\/\/eldiariodesanpedro.com.ar\/sitio\/wp-json\/wp\/v2\/media\/138313"}],"wp:attachment":[{"href":"https:\/\/eldiariodesanpedro.com.ar\/sitio\/wp-json\/wp\/v2\/media?parent=139797"}],"wp:term":[{"taxonomy":"category","embeddable":true,"href":"https:\/\/eldiariodesanpedro.com.ar\/sitio\/wp-json\/wp\/v2\/categories?post=139797"},{"taxonomy":"post_tag","embeddable":true,"href":"https:\/\/eldiariodesanpedro.com.ar\/sitio\/wp-json\/wp\/v2\/tags?post=139797"}],"curies":[{"name":"wp","href":"https:\/\/api.w.org\/{rel}","templated":true}]}}