{"id":139794,"date":"2025-05-05T15:04:24","date_gmt":"2025-05-05T18:04:24","guid":{"rendered":"https:\/\/eldiariodesanpedro.com.ar\/sitio\/?p=139794"},"modified":"2025-05-05T15:04:28","modified_gmt":"2025-05-05T18:04:28","slug":"vuelco-de-vehiculo-sin-lesionados-en-crucero-gral-belgrano-y-1001","status":"publish","type":"post","link":"https:\/\/eldiariodesanpedro.com.ar\/sitio\/vuelco-de-vehiculo-sin-lesionados-en-crucero-gral-belgrano-y-1001\/","title":{"rendered":"Vuelco de veh\u00edculo sin lesionados en Crucero Gral. Belgrano y 1001"},"content":{"rendered":"<!-- VideographyWP Plugin Message: Automatic video embedding prevented by plugin options. -->\n\n<p>En la jornada de hoy, <strong>un autom\u00f3vil volc\u00f3 en la intersecci\u00f3n de calle 1001 y Crucero General Belgrano<\/strong>, sin que se registraran personas lesionadas.<\/p>\n\n\n\n<p>Personal policial acudi\u00f3 al lugar y <strong>constat\u00f3 que el rodado, un VW Gol Trend<\/strong>, era conducido por <strong>una mujer de 44 a\u00f1os con domicilio en Baradero<\/strong>, quien result\u00f3 ser la <strong>\u00fanica ocupante del veh\u00edculo<\/strong>. El autom\u00f3vil <strong>qued\u00f3 sobre la cuneta<\/strong>, sin obstruir la calzada.<\/p>\n\n\n\n<p>La conductora fue <strong>trasladada al nosocomio local para un control m\u00e9dico preventivo<\/strong>, y seg\u00fan los primeros informes, <strong>no presenta lesiones aparentes<\/strong>.<\/p>\n\n\n\n<p>Seg\u00fan su declaraci\u00f3n, <strong>el accidente se produjo por una falla mec\u00e1nica que provoc\u00f3 el despiste y posterior vuelco<\/strong> del veh\u00edculo.<\/p>\n\n\n\n<p><strong>#AccidenteDeTr\u00e1nsito #Baradero #VuelcoSinHeridos #SeguridadVial #Emergencias<\/strong><\/p>\n","protected":false},"excerpt":{"rendered":"<p>En la jornada de hoy, un autom\u00f3vil volc\u00f3 en la intersecci\u00f3n de calle 1001 y Crucero General Belgrano, sin que se registraran personas lesionadas. Personal policial acudi\u00f3 al lugar y constat\u00f3 que el rodado, un VW Gol Trend, era conducido por una mujer de 44 a\u00f1os con domicilio en Baradero, quien result\u00f3 ser la \u00fanica [&hellip;]<\/p>\n","protected":false},"author":4,"featured_media":139795,"comment_status":"closed","ping_status":"closed","sticky":false,"template":"","format":"standard","meta":{"om_disable_all_campaigns":false,"_jetpack_memberships_contains_paid_content":false,"footnotes":""},"categories":[50,2,103],"tags":[],"class_list":["post-139794","post","type-post","status-publish","format-standard","has-post-thumbnail","hentry","category-destacadas","category-locales","category-policiales-locales"],"aioseo_notices":[],"gutentor_comment":0,"jetpack_featured_media_url":"https:\/\/eldiariodesanpedro.com.ar\/sitio\/wp-content\/uploads\/2025\/05\/495281369_1100314588780611_8719054393493872630_n.jpg","jetpack_shortlink":"https:\/\/wp.me\/p6RhLt-AmK","jetpack_sharing_enabled":true,"_links":{"self":[{"href":"https:\/\/eldiariodesanpedro.com.ar\/sitio\/wp-json\/wp\/v2\/posts\/139794","targetHints":{"allow":["GET"]}}],"collection":[{"href":"https:\/\/eldiariodesanpedro.com.ar\/sitio\/wp-json\/wp\/v2\/posts"}],"about":[{"href":"https:\/\/eldiariodesanpedro.com.ar\/sitio\/wp-json\/wp\/v2\/types\/post"}],"author":[{"embeddable":true,"href":"https:\/\/eldiariodesanpedro.com.ar\/sitio\/wp-json\/wp\/v2\/users\/4"}],"replies":[{"embeddable":true,"href":"https:\/\/eldiariodesanpedro.com.ar\/sitio\/wp-json\/wp\/v2\/comments?post=139794"}],"version-history":[{"count":1,"href":"https:\/\/eldiariodesanpedro.com.ar\/sitio\/wp-json\/wp\/v2\/posts\/139794\/revisions"}],"predecessor-version":[{"id":139796,"href":"https:\/\/eldiariodesanpedro.com.ar\/sitio\/wp-json\/wp\/v2\/posts\/139794\/revisions\/139796"}],"wp:featuredmedia":[{"embeddable":true,"href":"https:\/\/eldiariodesanpedro.com.ar\/sitio\/wp-json\/wp\/v2\/media\/139795"}],"wp:attachment":[{"href":"https:\/\/eldiariodesanpedro.com.ar\/sitio\/wp-json\/wp\/v2\/media?parent=139794"}],"wp:term":[{"taxonomy":"category","embeddable":true,"href":"https:\/\/eldiariodesanpedro.com.ar\/sitio\/wp-json\/wp\/v2\/categories?post=139794"},{"taxonomy":"post_tag","embeddable":true,"href":"https:\/\/eldiariodesanpedro.com.ar\/sitio\/wp-json\/wp\/v2\/tags?post=139794"}],"curies":[{"name":"wp","href":"https:\/\/api.w.org\/{rel}","templated":true}]}}