{"id":139790,"date":"2025-05-05T14:25:49","date_gmt":"2025-05-05T17:25:49","guid":{"rendered":"https:\/\/eldiariodesanpedro.com.ar\/sitio\/?p=139790"},"modified":"2025-05-05T14:28:30","modified_gmt":"2025-05-05T17:28:30","slug":"aprehendido-por-resistencia-a-la-autoridad-que-llevaba-replica-de-arma-de-fuego","status":"publish","type":"post","link":"https:\/\/eldiariodesanpedro.com.ar\/sitio\/aprehendido-por-resistencia-a-la-autoridad-que-llevaba-replica-de-arma-de-fuego\/","title":{"rendered":"Aprehendido por resistencia a la autoridad que llevaba replica de arma de fuego"},"content":{"rendered":"<!-- VideographyWP Plugin Message: Automatic video embedding prevented by plugin options. -->\n\n<p>En la jornada del pasado sabado, <strong>personal policial aprehendi\u00f3 a un hombre de 30 a\u00f1os<\/strong> tras recibir una <strong>alerta vecinal<\/strong> en la intersecci\u00f3n de <strong>calle Sargento Selada y Lavalle<\/strong>.<\/p>\n\n\n\n<p>El sujeto, que intent\u00f3 darse a la fuga a bordo de un <strong>motoveh\u00edculo de 110 cc<\/strong>, fue interceptado por los efectivos, quienes procedieron a su <strong>detenci\u00f3n inmediata<\/strong>. Durante la requisa, se le incaut\u00f3 un <strong>arma de aire comprimido con apariencia de ametralladora<\/strong>, sin munici\u00f3n ni marca visible, que llevaba <strong>empu\u00f1ada<\/strong> al momento del procedimiento. Adem\u00e1s, se le hall\u00f3 <strong>un arma blanca (cuchillo)<\/strong> oculta entre sus prendas de vestir.<\/p>\n\n\n\n<p>El individuo se mostr\u00f3 <strong>hostil<\/strong> ante la presencia del personal policial, lo que agrav\u00f3 la situaci\u00f3n. Interviene la <strong>Fiscal\u00eda local<\/strong>, que dispuso la <strong>notificaci\u00f3n de la causa<\/strong> y orden\u00f3 que el detenido quede <strong>alojado en el sector de calabozos<\/strong>, a la espera de su <strong>primera remisi\u00f3n a sede fiscal<\/strong>.<\/p>\n\n\n\n<p><strong>#Aprehensi\u00f3n #SeguridadCiudadana #Polic\u00edaActiva #ResistenciaALaAutoridad #Justicia #OperativoPolicial #Fiscal\u00edaLocal<\/strong><\/p>\n","protected":false},"excerpt":{"rendered":"<p>En la jornada del pasado sabado, personal policial aprehendi\u00f3 a un hombre de 30 a\u00f1os tras recibir una alerta vecinal en la intersecci\u00f3n de calle Sargento Selada y Lavalle. El sujeto, que intent\u00f3 darse a la fuga a bordo de un motoveh\u00edculo de 110 cc, fue interceptado por los efectivos, quienes procedieron a su detenci\u00f3n [&hellip;]<\/p>\n","protected":false},"author":4,"featured_media":139791,"comment_status":"closed","ping_status":"closed","sticky":false,"template":"","format":"standard","meta":{"om_disable_all_campaigns":false,"_jetpack_memberships_contains_paid_content":false,"footnotes":""},"categories":[2,103],"tags":[],"class_list":["post-139790","post","type-post","status-publish","format-standard","has-post-thumbnail","hentry","category-locales","category-policiales-locales"],"aioseo_notices":[],"gutentor_comment":0,"jetpack_featured_media_url":"https:\/\/eldiariodesanpedro.com.ar\/sitio\/wp-content\/uploads\/2025\/05\/medida-17.jpg","jetpack_shortlink":"https:\/\/wp.me\/p6RhLt-AmG","jetpack_sharing_enabled":true,"_links":{"self":[{"href":"https:\/\/eldiariodesanpedro.com.ar\/sitio\/wp-json\/wp\/v2\/posts\/139790","targetHints":{"allow":["GET"]}}],"collection":[{"href":"https:\/\/eldiariodesanpedro.com.ar\/sitio\/wp-json\/wp\/v2\/posts"}],"about":[{"href":"https:\/\/eldiariodesanpedro.com.ar\/sitio\/wp-json\/wp\/v2\/types\/post"}],"author":[{"embeddable":true,"href":"https:\/\/eldiariodesanpedro.com.ar\/sitio\/wp-json\/wp\/v2\/users\/4"}],"replies":[{"embeddable":true,"href":"https:\/\/eldiariodesanpedro.com.ar\/sitio\/wp-json\/wp\/v2\/comments?post=139790"}],"version-history":[{"count":2,"href":"https:\/\/eldiariodesanpedro.com.ar\/sitio\/wp-json\/wp\/v2\/posts\/139790\/revisions"}],"predecessor-version":[{"id":139793,"href":"https:\/\/eldiariodesanpedro.com.ar\/sitio\/wp-json\/wp\/v2\/posts\/139790\/revisions\/139793"}],"wp:featuredmedia":[{"embeddable":true,"href":"https:\/\/eldiariodesanpedro.com.ar\/sitio\/wp-json\/wp\/v2\/media\/139791"}],"wp:attachment":[{"href":"https:\/\/eldiariodesanpedro.com.ar\/sitio\/wp-json\/wp\/v2\/media?parent=139790"}],"wp:term":[{"taxonomy":"category","embeddable":true,"href":"https:\/\/eldiariodesanpedro.com.ar\/sitio\/wp-json\/wp\/v2\/categories?post=139790"},{"taxonomy":"post_tag","embeddable":true,"href":"https:\/\/eldiariodesanpedro.com.ar\/sitio\/wp-json\/wp\/v2\/tags?post=139790"}],"curies":[{"name":"wp","href":"https:\/\/api.w.org\/{rel}","templated":true}]}}