{"id":139787,"date":"2025-05-05T13:17:26","date_gmt":"2025-05-05T16:17:26","guid":{"rendered":"https:\/\/eldiariodesanpedro.com.ar\/sitio\/?p=139787"},"modified":"2025-05-05T13:17:30","modified_gmt":"2025-05-05T16:17:30","slug":"accidente-entre-moto-y-camioneta-dejo-tres-personas-con-lesiones-leves","status":"publish","type":"post","link":"https:\/\/eldiariodesanpedro.com.ar\/sitio\/accidente-entre-moto-y-camioneta-dejo-tres-personas-con-lesiones-leves\/","title":{"rendered":"Accidente entre moto y camioneta dej\u00f3 tres personas con lesiones leves"},"content":{"rendered":"<!-- VideographyWP Plugin Message: Automatic video embedding prevented by plugin options. -->\n\n<p><strong>Ayer por la ma\u00f1ana<\/strong>, se registr\u00f3 un <strong>accidente de tr\u00e1nsito<\/strong> en la v\u00eda p\u00fablica, espec\u00edficamente en <strong>calle Las Provincias al 400<\/strong>, de esta ciudad. El hecho ocurri\u00f3 cuando <strong>una motocicleta marca CORVEN 110cc, color roja<\/strong>, conducida por una <strong>mujer de 28 a\u00f1os<\/strong> que iba acompa\u00f1ada por sus <strong>dos hijos menores<\/strong>, <strong>colision\u00f3 contra una camioneta Volkswagen AMAROK blanca<\/strong>, conducida por un <strong>hombre de 67 a\u00f1os<\/strong>.<\/p>\n\n\n\n<p>Como consecuencia del impacto, <strong>la conductora de la moto y sus hijos<\/strong> fueron asistidos por personal del <strong>SAME 107<\/strong>, siendo <strong>trasladados al hospital local<\/strong>. Afortunadamente, <strong>todos presentaron lesiones de car\u00e1cter leve<\/strong>. En tanto, <strong>el conductor de la camioneta result\u00f3 ileso<\/strong>.<\/p>\n\n\n\n<p>En el lugar trabaj\u00f3 <strong>Personal Policial<\/strong>, tras un aviso al <strong>911<\/strong>, y tom\u00f3 intervenci\u00f3n la <strong>Fiscal\u00eda local<\/strong>, que dispuso las <strong>actuaciones de rigor<\/strong> correspondientes.<\/p>\n\n\n\n<hr class=\"wp-block-separator has-alpha-channel-opacity\"\/>\n\n\n\n<p><strong>#AccidenteVial #SeguridadVial #Emergencias #Moto #Camioneta #LesionesLeves #Polic\u00eda #Fiscal\u00eda #SAME107<\/strong><\/p>\n","protected":false},"excerpt":{"rendered":"<p>Ayer por la ma\u00f1ana, se registr\u00f3 un accidente de tr\u00e1nsito en la v\u00eda p\u00fablica, espec\u00edficamente en calle Las Provincias al 400, de esta ciudad. El hecho ocurri\u00f3 cuando una motocicleta marca CORVEN 110cc, color roja, conducida por una mujer de 28 a\u00f1os que iba acompa\u00f1ada por sus dos hijos menores, colision\u00f3 contra una camioneta Volkswagen [&hellip;]<\/p>\n","protected":false},"author":4,"featured_media":139788,"comment_status":"closed","ping_status":"closed","sticky":false,"template":"","format":"standard","meta":{"om_disable_all_campaigns":false,"_jetpack_memberships_contains_paid_content":false,"footnotes":""},"categories":[50,2,103],"tags":[],"class_list":["post-139787","post","type-post","status-publish","format-standard","has-post-thumbnail","hentry","category-destacadas","category-locales","category-policiales-locales"],"aioseo_notices":[],"gutentor_comment":0,"jetpack_featured_media_url":"https:\/\/eldiariodesanpedro.com.ar\/sitio\/wp-content\/uploads\/2025\/05\/medida-16.jpg","jetpack_shortlink":"https:\/\/wp.me\/p6RhLt-AmD","jetpack_sharing_enabled":true,"_links":{"self":[{"href":"https:\/\/eldiariodesanpedro.com.ar\/sitio\/wp-json\/wp\/v2\/posts\/139787","targetHints":{"allow":["GET"]}}],"collection":[{"href":"https:\/\/eldiariodesanpedro.com.ar\/sitio\/wp-json\/wp\/v2\/posts"}],"about":[{"href":"https:\/\/eldiariodesanpedro.com.ar\/sitio\/wp-json\/wp\/v2\/types\/post"}],"author":[{"embeddable":true,"href":"https:\/\/eldiariodesanpedro.com.ar\/sitio\/wp-json\/wp\/v2\/users\/4"}],"replies":[{"embeddable":true,"href":"https:\/\/eldiariodesanpedro.com.ar\/sitio\/wp-json\/wp\/v2\/comments?post=139787"}],"version-history":[{"count":1,"href":"https:\/\/eldiariodesanpedro.com.ar\/sitio\/wp-json\/wp\/v2\/posts\/139787\/revisions"}],"predecessor-version":[{"id":139789,"href":"https:\/\/eldiariodesanpedro.com.ar\/sitio\/wp-json\/wp\/v2\/posts\/139787\/revisions\/139789"}],"wp:featuredmedia":[{"embeddable":true,"href":"https:\/\/eldiariodesanpedro.com.ar\/sitio\/wp-json\/wp\/v2\/media\/139788"}],"wp:attachment":[{"href":"https:\/\/eldiariodesanpedro.com.ar\/sitio\/wp-json\/wp\/v2\/media?parent=139787"}],"wp:term":[{"taxonomy":"category","embeddable":true,"href":"https:\/\/eldiariodesanpedro.com.ar\/sitio\/wp-json\/wp\/v2\/categories?post=139787"},{"taxonomy":"post_tag","embeddable":true,"href":"https:\/\/eldiariodesanpedro.com.ar\/sitio\/wp-json\/wp\/v2\/tags?post=139787"}],"curies":[{"name":"wp","href":"https:\/\/api.w.org\/{rel}","templated":true}]}}