{"id":139784,"date":"2025-05-05T11:54:40","date_gmt":"2025-05-05T14:54:40","guid":{"rendered":"https:\/\/eldiariodesanpedro.com.ar\/sitio\/?p=139784"},"modified":"2025-05-05T11:54:44","modified_gmt":"2025-05-05T14:54:44","slug":"intensifican-la-busqueda-de-enzo-sanchez-tras-nuevas-imagenes-en-campana","status":"publish","type":"post","link":"https:\/\/eldiariodesanpedro.com.ar\/sitio\/intensifican-la-busqueda-de-enzo-sanchez-tras-nuevas-imagenes-en-campana\/","title":{"rendered":"Intensifican la b\u00fasqueda de Enzo S\u00e1nchez tras nuevas im\u00e1genes en Campana"},"content":{"rendered":"<!-- VideographyWP Plugin Message: Automatic video embedding prevented by plugin options. -->\n\n<p>La <strong>Delegaci\u00f3n Departamental de Investigaciones (DDI) de San Pedro<\/strong> contin\u00faa intensificando la b\u00fasqueda del joven <strong>Enzo S\u00e1nchez<\/strong>, en el marco de una investigaci\u00f3n que avanza con el an\u00e1lisis de <strong>comunicaciones<\/strong> y <strong>c\u00e1maras de seguridad<\/strong>. La causa, caratulada como <strong>\u201caveriguaci\u00f3n de paradero\u201d<\/strong>, est\u00e1 siendo coordinada con la <strong>Fiscal\u00eda N\u00b0 7<\/strong>.<\/p>\n\n\n\n<p>Desde que la <strong>madre del joven radic\u00f3 la denuncia<\/strong>, la DDI ha solicitado y analizado im\u00e1genes de c\u00e1maras tanto <strong>municipales como privadas<\/strong>, no solo de San Pedro sino tambi\u00e9n de <strong>localidades vecinas<\/strong>. A su vez, el an\u00e1lisis de las <strong>comunicaciones telef\u00f3nicas<\/strong> del abonado que utilizaba Enzo revel\u00f3 que, tras su desaparici\u00f3n, su tel\u00e9fono <strong>impact\u00f3 en una antena ubicada en Campana<\/strong>.<\/p>\n\n\n\n<p>Este dato fue clave para identificar nuevas im\u00e1genes del joven: las c\u00e1maras de seguridad del municipio de <strong>Campana<\/strong> registraron a Enzo el <strong>jueves 1 de mayo, pasadas las 17:30<\/strong>, en el acceso a la ciudad, <strong>a bordo de su bicicleta<\/strong>.<\/p>\n\n\n\n<p>Ante esta novedad, personal de la DDI <strong>se traslad\u00f3 a Campana<\/strong>, donde actualmente se realizan <strong>recorridas<\/strong>, se llevan a cabo <strong>entrevistas con vecinos<\/strong> y se <strong>rastrean instituciones<\/strong> en busca de pistas que permitan dar con el paradero del joven.<\/p>\n\n\n\n<p>Se <strong>reitera el pedido de colaboraci\u00f3n a la comunidad<\/strong>, extendiendo la b\u00fasqueda especialmente a quienes residen en la zona de Campana. Al momento de su desaparici\u00f3n, <strong>Enzo Ariel S\u00e1nchez vest\u00eda<\/strong> una <strong>remera de la Selecci\u00f3n Argentina<\/strong>, un <strong>buzo rojo del Club River Plate<\/strong>, un <strong>pantal\u00f3n gris con rayas rojas<\/strong> a los costados y <strong>zapatillas deportivas rojas<\/strong>. Es de <strong>contextura delgada<\/strong>, mide aproximadamente <strong>1,70 metros<\/strong> y tiene <strong>cabello negro<\/strong>. Se movilizaba en una <strong>bicicleta de dama gris<\/strong>, con <strong>asiento para beb\u00e9<\/strong> y <strong>canasto marr\u00f3n<\/strong>.<\/p>\n\n\n\n<p>Quien pueda aportar <strong>cualquier informaci\u00f3n relevante<\/strong> debe comunicarse de inmediato al <strong>911<\/strong>, a la <strong>Comisar\u00eda de San Pedro<\/strong> al <strong>03329-425221<\/strong>, o al <strong>Centro de Monitoreo Municipal<\/strong> al <strong>03329-15317039<\/strong>.<\/p>\n\n\n\n<p><strong>#EnzoS\u00e1nchez #B\u00fasquedaUrgente #Campana #SanPedro #DDI #AyudaComunitaria #Desaparecido #AlertaEnzo<\/strong><\/p>\n","protected":false},"excerpt":{"rendered":"<p>La Delegaci\u00f3n Departamental de Investigaciones (DDI) de San Pedro contin\u00faa intensificando la b\u00fasqueda del joven Enzo S\u00e1nchez, en el marco de una investigaci\u00f3n que avanza con el an\u00e1lisis de comunicaciones y c\u00e1maras de seguridad. La causa, caratulada como \u201caveriguaci\u00f3n de paradero\u201d, est\u00e1 siendo coordinada con la Fiscal\u00eda N\u00b0 7. Desde que la madre del joven [&hellip;]<\/p>\n","protected":false},"author":4,"featured_media":139785,"comment_status":"closed","ping_status":"closed","sticky":false,"template":"","format":"standard","meta":{"om_disable_all_campaigns":false,"_jetpack_memberships_contains_paid_content":false,"footnotes":""},"categories":[50,101,2],"tags":[],"class_list":["post-139784","post","type-post","status-publish","format-standard","has-post-thumbnail","hentry","category-destacadas","category-interes-general-locales","category-locales"],"aioseo_notices":[],"gutentor_comment":0,"jetpack_featured_media_url":"https:\/\/eldiariodesanpedro.com.ar\/sitio\/wp-content\/uploads\/2025\/05\/Bicicleta-otro-.jpg","jetpack_shortlink":"https:\/\/wp.me\/p6RhLt-AmA","jetpack_sharing_enabled":true,"_links":{"self":[{"href":"https:\/\/eldiariodesanpedro.com.ar\/sitio\/wp-json\/wp\/v2\/posts\/139784","targetHints":{"allow":["GET"]}}],"collection":[{"href":"https:\/\/eldiariodesanpedro.com.ar\/sitio\/wp-json\/wp\/v2\/posts"}],"about":[{"href":"https:\/\/eldiariodesanpedro.com.ar\/sitio\/wp-json\/wp\/v2\/types\/post"}],"author":[{"embeddable":true,"href":"https:\/\/eldiariodesanpedro.com.ar\/sitio\/wp-json\/wp\/v2\/users\/4"}],"replies":[{"embeddable":true,"href":"https:\/\/eldiariodesanpedro.com.ar\/sitio\/wp-json\/wp\/v2\/comments?post=139784"}],"version-history":[{"count":1,"href":"https:\/\/eldiariodesanpedro.com.ar\/sitio\/wp-json\/wp\/v2\/posts\/139784\/revisions"}],"predecessor-version":[{"id":139786,"href":"https:\/\/eldiariodesanpedro.com.ar\/sitio\/wp-json\/wp\/v2\/posts\/139784\/revisions\/139786"}],"wp:featuredmedia":[{"embeddable":true,"href":"https:\/\/eldiariodesanpedro.com.ar\/sitio\/wp-json\/wp\/v2\/media\/139785"}],"wp:attachment":[{"href":"https:\/\/eldiariodesanpedro.com.ar\/sitio\/wp-json\/wp\/v2\/media?parent=139784"}],"wp:term":[{"taxonomy":"category","embeddable":true,"href":"https:\/\/eldiariodesanpedro.com.ar\/sitio\/wp-json\/wp\/v2\/categories?post=139784"},{"taxonomy":"post_tag","embeddable":true,"href":"https:\/\/eldiariodesanpedro.com.ar\/sitio\/wp-json\/wp\/v2\/tags?post=139784"}],"curies":[{"name":"wp","href":"https:\/\/api.w.org\/{rel}","templated":true}]}}