{"id":139781,"date":"2025-05-05T11:37:53","date_gmt":"2025-05-05T14:37:53","guid":{"rendered":"https:\/\/eldiariodesanpedro.com.ar\/sitio\/?p=139781"},"modified":"2025-05-05T11:37:56","modified_gmt":"2025-05-05T14:37:56","slug":"las-rurales-del-norte-bonaerense-se-reunieron-con-el-nuevo-presidente-del-ipcva","status":"publish","type":"post","link":"https:\/\/eldiariodesanpedro.com.ar\/sitio\/las-rurales-del-norte-bonaerense-se-reunieron-con-el-nuevo-presidente-del-ipcva\/","title":{"rendered":"Las Rurales del Norte Bonaerense se reunieron con el nuevo presidente del IPCVA"},"content":{"rendered":"<!-- VideographyWP Plugin Message: Automatic video embedding prevented by plugin options. -->\n\n<p>Este <strong>viernes<\/strong>, en la sede de la <strong>Asociaci\u00f3n Rural de Productores de Arrecifes<\/strong>, se llev\u00f3 a cabo un <strong>encuentro clave<\/strong> entre las <strong>Rurales del Norte Bonaerense<\/strong> y el recientemente asumido presidente del <strong>Instituto de Promoci\u00f3n de la Carne Vacuna Argentina (IPCVA)<\/strong>, <strong>George Brewincht<\/strong>.<\/p>\n\n\n\n<p>Durante la reuni\u00f3n, <strong>Brewincht<\/strong> realiz\u00f3 una <strong>breve presentaci\u00f3n<\/strong> en la que abord\u00f3 las <strong>actividades actuales del Instituto<\/strong>, su <strong>estructura de integraci\u00f3n<\/strong> y la <strong>visi\u00f3n que impulsa<\/strong> para esta nueva etapa al frente del IPCVA.<\/p>\n\n\n\n<p>Por parte de las <strong>entidades rurales<\/strong>, se compartieron <strong>diversas miradas<\/strong>, tanto <strong>institucionales como generales<\/strong>, sobre la <strong>compleja situaci\u00f3n actual del sector ganadero<\/strong>.<\/p>\n\n\n\n<p>En un <strong>clima de respeto y di\u00e1logo constructivo<\/strong>, se debatieron temas como <strong>publicidad<\/strong>, <strong>transparencia<\/strong>, <strong>concientizaci\u00f3n<\/strong>, la <strong>importancia estrat\u00e9gica del Instituto<\/strong> y, en particular, el <strong>proceso ganadero argentino<\/strong>.<\/p>\n\n\n\n<p>Desde las <strong>Rurales del Norte<\/strong>, se destac\u00f3 la <strong>predisposici\u00f3n al di\u00e1logo<\/strong> y la <strong>apertura<\/strong> del nuevo presidente, a quien agradecieron <strong>especialmente<\/strong> por su <strong>atenci\u00f3n y consideraci\u00f3n<\/strong> hacia los temas planteados.<\/p>\n\n\n\n<p>\u201c<strong>Confiamos en que su personalidad y autenticidad permitir\u00e1n acercar a\u00fan m\u00e1s el Instituto a los productores ganaderos del pa\u00eds<\/strong>\u201d, expresaron al cierre del encuentro.<\/p>\n\n\n\n<p><strong>#Ganader\u00edaArgentina #IPCVA #RuralesDelNorte #CarneVacuna #SectorProductivo #EncuentroRural #GeorgeBrewincht<\/strong><\/p>\n","protected":false},"excerpt":{"rendered":"<p>Este viernes, en la sede de la Asociaci\u00f3n Rural de Productores de Arrecifes, se llev\u00f3 a cabo un encuentro clave entre las Rurales del Norte Bonaerense y el recientemente asumido presidente del Instituto de Promoci\u00f3n de la Carne Vacuna Argentina (IPCVA), George Brewincht. Durante la reuni\u00f3n, Brewincht realiz\u00f3 una breve presentaci\u00f3n en la que abord\u00f3 [&hellip;]<\/p>\n","protected":false},"author":4,"featured_media":139782,"comment_status":"closed","ping_status":"closed","sticky":false,"template":"","format":"standard","meta":{"om_disable_all_campaigns":false,"_jetpack_memberships_contains_paid_content":false,"footnotes":""},"categories":[50,101,2],"tags":[],"class_list":["post-139781","post","type-post","status-publish","format-standard","has-post-thumbnail","hentry","category-destacadas","category-interes-general-locales","category-locales"],"aioseo_notices":[],"gutentor_comment":0,"jetpack_featured_media_url":"https:\/\/eldiariodesanpedro.com.ar\/sitio\/wp-content\/uploads\/2025\/05\/medida-15.jpg","jetpack_shortlink":"https:\/\/wp.me\/p6RhLt-Amx","jetpack_sharing_enabled":true,"_links":{"self":[{"href":"https:\/\/eldiariodesanpedro.com.ar\/sitio\/wp-json\/wp\/v2\/posts\/139781","targetHints":{"allow":["GET"]}}],"collection":[{"href":"https:\/\/eldiariodesanpedro.com.ar\/sitio\/wp-json\/wp\/v2\/posts"}],"about":[{"href":"https:\/\/eldiariodesanpedro.com.ar\/sitio\/wp-json\/wp\/v2\/types\/post"}],"author":[{"embeddable":true,"href":"https:\/\/eldiariodesanpedro.com.ar\/sitio\/wp-json\/wp\/v2\/users\/4"}],"replies":[{"embeddable":true,"href":"https:\/\/eldiariodesanpedro.com.ar\/sitio\/wp-json\/wp\/v2\/comments?post=139781"}],"version-history":[{"count":1,"href":"https:\/\/eldiariodesanpedro.com.ar\/sitio\/wp-json\/wp\/v2\/posts\/139781\/revisions"}],"predecessor-version":[{"id":139783,"href":"https:\/\/eldiariodesanpedro.com.ar\/sitio\/wp-json\/wp\/v2\/posts\/139781\/revisions\/139783"}],"wp:featuredmedia":[{"embeddable":true,"href":"https:\/\/eldiariodesanpedro.com.ar\/sitio\/wp-json\/wp\/v2\/media\/139782"}],"wp:attachment":[{"href":"https:\/\/eldiariodesanpedro.com.ar\/sitio\/wp-json\/wp\/v2\/media?parent=139781"}],"wp:term":[{"taxonomy":"category","embeddable":true,"href":"https:\/\/eldiariodesanpedro.com.ar\/sitio\/wp-json\/wp\/v2\/categories?post=139781"},{"taxonomy":"post_tag","embeddable":true,"href":"https:\/\/eldiariodesanpedro.com.ar\/sitio\/wp-json\/wp\/v2\/tags?post=139781"}],"curies":[{"name":"wp","href":"https:\/\/api.w.org\/{rel}","templated":true}]}}