{"id":13978,"date":"2017-02-02T20:26:20","date_gmt":"2017-02-02T23:26:20","guid":{"rendered":"https:\/\/eldiariodesanpedro.com.ar\/sitio\/?p=13978"},"modified":"2017-02-02T20:26:20","modified_gmt":"2017-02-02T23:26:20","slug":"tragico-accidente-en-el-acceso-a-baradero","status":"publish","type":"post","link":"https:\/\/eldiariodesanpedro.com.ar\/sitio\/tragico-accidente-en-el-acceso-a-baradero\/","title":{"rendered":"Tr\u00e1gico accidente en el acceso a Baradero"},"content":{"rendered":"<p><!-- VideographyWP Plugin Message: Automatic video embedding prevented by plugin options. --><br \/>\nEn la tarde del mi\u00e9rcoles, aproximadamente a las 16.20 Hs. se produjo un accidente fatal en el acceso a la ciudad.<\/p>\n<p>Un cami\u00f3n que transporta garrafas, conducido por un joven de 26 a\u00f1os, domiciliado en la localidad de San Pedro, que circulaba hacia la ciudad, dobla a la derecha a la altura de la Empresa Granix, para ingresar a una playa de estacionamiento siendo colisionado por masculino de alrededor 24 a\u00f1os en motocicleta YBR 125 azul, el cual circulaba en la misma direcci\u00f3n. A ra\u00edz del impacto el conductor de la moto fallece en el acto.<\/p>\n<p>Polic\u00eda resguard\u00f3 el lugar del fatal accidente, adonde concurrieron personal de Polic\u00eda Cient\u00edfica y autoridades policiales.<\/p>\n<p>El infortunado fue identificado como Sebasti\u00e1n Gabriel Alderete y domiciliado en esta ciudad.<br \/>\nUna triste noticia que enluta a la comunidad. Desde este medio le acercamos a la familia nuestro sentido pesame.<\/p>\n","protected":false},"excerpt":{"rendered":"<p>En la tarde del mi\u00e9rcoles, aproximadamente a las 16.20 Hs. se produjo un accidente fatal en el acceso a la ciudad. Un cami\u00f3n que transporta garrafas, conducido por un joven de 26 a\u00f1os, domiciliado en la localidad de San Pedro, que circulaba hacia la ciudad, dobla a la derecha a la altura de la Empresa [&hellip;]<\/p>\n","protected":false},"author":4,"featured_media":13979,"comment_status":"open","ping_status":"closed","sticky":false,"template":"","format":"standard","meta":{"om_disable_all_campaigns":false,"_jetpack_memberships_contains_paid_content":false,"footnotes":""},"categories":[621],"tags":[],"class_list":["post-13978","post","type-post","status-publish","format-standard","has-post-thumbnail","hentry","category-regionales"],"aioseo_notices":[],"gutentor_comment":0,"jetpack_featured_media_url":"https:\/\/eldiariodesanpedro.com.ar\/sitio\/wp-content\/uploads\/2017\/02\/El-motociclista-fue-identificado-como-Sebasti\u00e1n-Gabriel-Alderete..jpg","jetpack_shortlink":"https:\/\/wp.me\/p6RhLt-3Ds","jetpack_sharing_enabled":true,"_links":{"self":[{"href":"https:\/\/eldiariodesanpedro.com.ar\/sitio\/wp-json\/wp\/v2\/posts\/13978","targetHints":{"allow":["GET"]}}],"collection":[{"href":"https:\/\/eldiariodesanpedro.com.ar\/sitio\/wp-json\/wp\/v2\/posts"}],"about":[{"href":"https:\/\/eldiariodesanpedro.com.ar\/sitio\/wp-json\/wp\/v2\/types\/post"}],"author":[{"embeddable":true,"href":"https:\/\/eldiariodesanpedro.com.ar\/sitio\/wp-json\/wp\/v2\/users\/4"}],"replies":[{"embeddable":true,"href":"https:\/\/eldiariodesanpedro.com.ar\/sitio\/wp-json\/wp\/v2\/comments?post=13978"}],"version-history":[{"count":1,"href":"https:\/\/eldiariodesanpedro.com.ar\/sitio\/wp-json\/wp\/v2\/posts\/13978\/revisions"}],"predecessor-version":[{"id":13980,"href":"https:\/\/eldiariodesanpedro.com.ar\/sitio\/wp-json\/wp\/v2\/posts\/13978\/revisions\/13980"}],"wp:featuredmedia":[{"embeddable":true,"href":"https:\/\/eldiariodesanpedro.com.ar\/sitio\/wp-json\/wp\/v2\/media\/13979"}],"wp:attachment":[{"href":"https:\/\/eldiariodesanpedro.com.ar\/sitio\/wp-json\/wp\/v2\/media?parent=13978"}],"wp:term":[{"taxonomy":"category","embeddable":true,"href":"https:\/\/eldiariodesanpedro.com.ar\/sitio\/wp-json\/wp\/v2\/categories?post=13978"},{"taxonomy":"post_tag","embeddable":true,"href":"https:\/\/eldiariodesanpedro.com.ar\/sitio\/wp-json\/wp\/v2\/tags?post=13978"}],"curies":[{"name":"wp","href":"https:\/\/api.w.org\/{rel}","templated":true}]}}