{"id":139774,"date":"2025-05-05T09:58:45","date_gmt":"2025-05-05T12:58:45","guid":{"rendered":"https:\/\/eldiariodesanpedro.com.ar\/sitio\/?p=139774"},"modified":"2025-05-05T09:58:49","modified_gmt":"2025-05-05T12:58:49","slug":"multitudinaria-celebracion-en-rio-tala-por-la-fiesta-de-la-batata","status":"publish","type":"post","link":"https:\/\/eldiariodesanpedro.com.ar\/sitio\/multitudinaria-celebracion-en-rio-tala-por-la-fiesta-de-la-batata\/","title":{"rendered":"Multitudinaria celebraci\u00f3n en R\u00edo Tala por la Fiesta de la Batata"},"content":{"rendered":"<!-- VideographyWP Plugin Message: Automatic video embedding prevented by plugin options. -->\n\n<p><strong>Una multitud de vecinos y visitantes colm\u00f3 este s\u00e1bado el campo de deportes del Club Las Palmeras en R\u00edo Tala<\/strong> para participar de la esperada <strong>Fiesta de la Batata<\/strong>, que este a\u00f1o debi\u00f3 ser <strong>reprogramada por razones clim\u00e1ticas<\/strong>. Desde las <strong>13:00 horas<\/strong>, el predio fue escenario de una jornada cargada de sabor, m\u00fasica y emociones, con la presencia de <strong>familias y p\u00fablico de distintas localidades<\/strong>.<\/p>\n\n\n\n<p>La <strong>feria gastron\u00f3mica<\/strong> fue uno de los grandes atractivos del evento, con una variada <strong>oferta de platos elaborados con batata<\/strong>, producto insignia de la regi\u00f3n. Tambi\u00e9n se destac\u00f3 el <strong>paseo de emprendedores<\/strong>, que reuni\u00f3 a <strong>artesanos y productores locales<\/strong>, generando un espacio de encuentro entre la comunidad y el trabajo autogestivo.<\/p>\n\n\n\n<p>Durante la jornada se desarrollaron diversos <strong>espect\u00e1culos art\u00edsticos y desaf\u00edos productivos<\/strong>, con propuestas de <strong>m\u00fasica, danza y entretenimientos<\/strong> para toda la familia.<\/p>\n\n\n\n<p>Uno de los momentos m\u00e1s destacados fue el <strong>reconocimiento especial a los productores batateros de la zona<\/strong>, quienes fueron homenajeados por su <strong>aporte a la econom\u00eda local y a la conservaci\u00f3n de la tradici\u00f3n agr\u00edcola<\/strong>. El p\u00fablico acompa\u00f1\u00f3 con un c\u00e1lido aplauso.<\/p>\n\n\n\n<p>El gran cierre de la fiesta estuvo a cargo de <strong>Banda XXI<\/strong>, que con su inconfundible ritmo de <strong>cuarteto<\/strong> hizo vibrar a los presentes. Temas como <strong>\u00abQu\u00e9 Bonito\u00bb<\/strong>, <strong>\u00abEl Bomb\u00f3n\u00bb<\/strong> y <strong>\u00abAmor de Adolescente\u00bb<\/strong> resonaron con fuerza, reafirmando la <strong>conexi\u00f3n del grupo con el p\u00fablico local<\/strong>, como ya lo hab\u00edan demostrado en otras oportunidades, como el <strong>aniversario de San Pedro Ciudad en 2016<\/strong>.<\/p>\n\n\n\n<p><strong>#FiestaDeLaBatata #R\u00edoTala #Tradici\u00f3nBatatera #BandaXXI #CulturaPopular #Gastronom\u00edaRegional #EmprendedoresLocales #FiestaPopular<\/strong><\/p>\n\n\n\n<div class=\"wp-block-jetpack-slideshow aligncenter\" data-effect=\"slide\"><div class=\"wp-block-jetpack-slideshow_container swiper-container\"><ul class=\"wp-block-jetpack-slideshow_swiper-wrapper swiper-wrapper\"><li class=\"wp-block-jetpack-slideshow_slide swiper-slide\"><figure><img decoding=\"async\" width=\"1024\" height=\"576\" alt=\"\" class=\"wp-block-jetpack-slideshow_image wp-image-139779 lazyload\" data-id=\"139779\" data-src=\"https:\/\/eldiariodesanpedro.com.ar\/sitio\/wp-content\/uploads\/2025\/05\/Fiesta-batata-2025-1-1024x576.jpg\" data-srcset=\"https:\/\/eldiariodesanpedro.com.ar\/sitio\/wp-content\/uploads\/2025\/05\/Fiesta-batata-2025-1-1024x576.jpg 1024w, https:\/\/eldiariodesanpedro.com.ar\/sitio\/wp-content\/uploads\/2025\/05\/Fiesta-batata-2025-1-300x169.jpg 300w, https:\/\/eldiariodesanpedro.com.ar\/sitio\/wp-content\/uploads\/2025\/05\/Fiesta-batata-2025-1-768x432.jpg 768w, https:\/\/eldiariodesanpedro.com.ar\/sitio\/wp-content\/uploads\/2025\/05\/Fiesta-batata-2025-1.jpg 1080w\" data-sizes=\"(max-width: 1024px) 100vw, 1024px\" src=\"data:image\/svg+xml;base64,PHN2ZyB3aWR0aD0iMSIgaGVpZ2h0PSIxIiB4bWxucz0iaHR0cDovL3d3dy53My5vcmcvMjAwMC9zdmciPjwvc3ZnPg==\" style=\"--smush-placeholder-width: 1024px; --smush-placeholder-aspect-ratio: 1024\/576;\" \/><\/figure><\/li><li class=\"wp-block-jetpack-slideshow_slide swiper-slide\"><figure><img decoding=\"async\" width=\"946\" height=\"630\" alt=\"\" class=\"wp-block-jetpack-slideshow_image wp-image-139777 lazyload\" data-id=\"139777\" data-src=\"https:\/\/eldiariodesanpedro.com.ar\/sitio\/wp-content\/uploads\/2025\/05\/494985176_1101660495330330_3500080559047699521_n.jpg\" data-srcset=\"https:\/\/eldiariodesanpedro.com.ar\/sitio\/wp-content\/uploads\/2025\/05\/494985176_1101660495330330_3500080559047699521_n.jpg 946w, https:\/\/eldiariodesanpedro.com.ar\/sitio\/wp-content\/uploads\/2025\/05\/494985176_1101660495330330_3500080559047699521_n-300x200.jpg 300w, https:\/\/eldiariodesanpedro.com.ar\/sitio\/wp-content\/uploads\/2025\/05\/494985176_1101660495330330_3500080559047699521_n-768x511.jpg 768w\" data-sizes=\"(max-width: 946px) 100vw, 946px\" src=\"data:image\/svg+xml;base64,PHN2ZyB3aWR0aD0iMSIgaGVpZ2h0PSIxIiB4bWxucz0iaHR0cDovL3d3dy53My5vcmcvMjAwMC9zdmciPjwvc3ZnPg==\" style=\"--smush-placeholder-width: 946px; --smush-placeholder-aspect-ratio: 946\/630;\" \/><\/figure><\/li><li class=\"wp-block-jetpack-slideshow_slide swiper-slide\"><figure><img decoding=\"async\" width=\"943\" height=\"630\" alt=\"\" class=\"wp-block-jetpack-slideshow_image wp-image-139776 lazyload\" data-id=\"139776\" data-src=\"https:\/\/eldiariodesanpedro.com.ar\/sitio\/wp-content\/uploads\/2025\/05\/494900001_1101660671996979_6778133336327048868_n.jpg\" data-srcset=\"https:\/\/eldiariodesanpedro.com.ar\/sitio\/wp-content\/uploads\/2025\/05\/494900001_1101660671996979_6778133336327048868_n.jpg 943w, https:\/\/eldiariodesanpedro.com.ar\/sitio\/wp-content\/uploads\/2025\/05\/494900001_1101660671996979_6778133336327048868_n-300x200.jpg 300w, https:\/\/eldiariodesanpedro.com.ar\/sitio\/wp-content\/uploads\/2025\/05\/494900001_1101660671996979_6778133336327048868_n-768x513.jpg 768w\" data-sizes=\"(max-width: 943px) 100vw, 943px\" src=\"data:image\/svg+xml;base64,PHN2ZyB3aWR0aD0iMSIgaGVpZ2h0PSIxIiB4bWxucz0iaHR0cDovL3d3dy53My5vcmcvMjAwMC9zdmciPjwvc3ZnPg==\" style=\"--smush-placeholder-width: 943px; --smush-placeholder-aspect-ratio: 943\/630;\" \/><\/figure><\/li><li class=\"wp-block-jetpack-slideshow_slide swiper-slide\"><figure><img decoding=\"async\" width=\"946\" height=\"630\" alt=\"\" class=\"wp-block-jetpack-slideshow_image wp-image-139775 lazyload\" data-id=\"139775\" data-src=\"https:\/\/eldiariodesanpedro.com.ar\/sitio\/wp-content\/uploads\/2025\/05\/494872161_1101660498663663_2590868743191179862_n.jpg\" data-srcset=\"https:\/\/eldiariodesanpedro.com.ar\/sitio\/wp-content\/uploads\/2025\/05\/494872161_1101660498663663_2590868743191179862_n.jpg 946w, https:\/\/eldiariodesanpedro.com.ar\/sitio\/wp-content\/uploads\/2025\/05\/494872161_1101660498663663_2590868743191179862_n-300x200.jpg 300w, https:\/\/eldiariodesanpedro.com.ar\/sitio\/wp-content\/uploads\/2025\/05\/494872161_1101660498663663_2590868743191179862_n-768x511.jpg 768w\" data-sizes=\"(max-width: 946px) 100vw, 946px\" src=\"data:image\/svg+xml;base64,PHN2ZyB3aWR0aD0iMSIgaGVpZ2h0PSIxIiB4bWxucz0iaHR0cDovL3d3dy53My5vcmcvMjAwMC9zdmciPjwvc3ZnPg==\" style=\"--smush-placeholder-width: 946px; --smush-placeholder-aspect-ratio: 946\/630;\" \/><\/figure><\/li><\/ul><a class=\"wp-block-jetpack-slideshow_button-prev swiper-button-prev swiper-button-white\" role=\"button\"><\/a><a class=\"wp-block-jetpack-slideshow_button-next swiper-button-next swiper-button-white\" role=\"button\"><\/a><a aria-label=\"Pause Slideshow\" class=\"wp-block-jetpack-slideshow_button-pause\" role=\"button\"><\/a><div class=\"wp-block-jetpack-slideshow_pagination swiper-pagination swiper-pagination-white\"><\/div><\/div><\/div>\n","protected":false},"excerpt":{"rendered":"<p>Una multitud de vecinos y visitantes colm\u00f3 este s\u00e1bado el campo de deportes del Club Las Palmeras en R\u00edo Tala para participar de la esperada Fiesta de la Batata, que este a\u00f1o debi\u00f3 ser reprogramada por razones clim\u00e1ticas. Desde las 13:00 horas, el predio fue escenario de una jornada cargada de sabor, m\u00fasica y emociones, [&hellip;]<\/p>\n","protected":false},"author":4,"featured_media":139778,"comment_status":"closed","ping_status":"closed","sticky":false,"template":"","format":"standard","meta":{"om_disable_all_campaigns":false,"_jetpack_memberships_contains_paid_content":false,"footnotes":""},"categories":[50,101,2],"tags":[],"class_list":["post-139774","post","type-post","status-publish","format-standard","has-post-thumbnail","hentry","category-destacadas","category-interes-general-locales","category-locales"],"aioseo_notices":[],"gutentor_comment":0,"jetpack_featured_media_url":"https:\/\/eldiariodesanpedro.com.ar\/sitio\/wp-content\/uploads\/2025\/05\/495523891_1101661581996888_1810272147269193972_n.jpg","jetpack_shortlink":"https:\/\/wp.me\/p6RhLt-Amq","jetpack_sharing_enabled":true,"_links":{"self":[{"href":"https:\/\/eldiariodesanpedro.com.ar\/sitio\/wp-json\/wp\/v2\/posts\/139774","targetHints":{"allow":["GET"]}}],"collection":[{"href":"https:\/\/eldiariodesanpedro.com.ar\/sitio\/wp-json\/wp\/v2\/posts"}],"about":[{"href":"https:\/\/eldiariodesanpedro.com.ar\/sitio\/wp-json\/wp\/v2\/types\/post"}],"author":[{"embeddable":true,"href":"https:\/\/eldiariodesanpedro.com.ar\/sitio\/wp-json\/wp\/v2\/users\/4"}],"replies":[{"embeddable":true,"href":"https:\/\/eldiariodesanpedro.com.ar\/sitio\/wp-json\/wp\/v2\/comments?post=139774"}],"version-history":[{"count":1,"href":"https:\/\/eldiariodesanpedro.com.ar\/sitio\/wp-json\/wp\/v2\/posts\/139774\/revisions"}],"predecessor-version":[{"id":139780,"href":"https:\/\/eldiariodesanpedro.com.ar\/sitio\/wp-json\/wp\/v2\/posts\/139774\/revisions\/139780"}],"wp:featuredmedia":[{"embeddable":true,"href":"https:\/\/eldiariodesanpedro.com.ar\/sitio\/wp-json\/wp\/v2\/media\/139778"}],"wp:attachment":[{"href":"https:\/\/eldiariodesanpedro.com.ar\/sitio\/wp-json\/wp\/v2\/media?parent=139774"}],"wp:term":[{"taxonomy":"category","embeddable":true,"href":"https:\/\/eldiariodesanpedro.com.ar\/sitio\/wp-json\/wp\/v2\/categories?post=139774"},{"taxonomy":"post_tag","embeddable":true,"href":"https:\/\/eldiariodesanpedro.com.ar\/sitio\/wp-json\/wp\/v2\/tags?post=139774"}],"curies":[{"name":"wp","href":"https:\/\/api.w.org\/{rel}","templated":true}]}}