{"id":139771,"date":"2025-05-02T20:17:08","date_gmt":"2025-05-02T23:17:08","guid":{"rendered":"https:\/\/eldiariodesanpedro.com.ar\/sitio\/?p=139771"},"modified":"2025-05-02T20:17:12","modified_gmt":"2025-05-02T23:17:12","slug":"se-solicita-colaboracion-para-dar-con-el-paradero-de-enzo-ariel-sanchez-de-24-anos","status":"publish","type":"post","link":"https:\/\/eldiariodesanpedro.com.ar\/sitio\/se-solicita-colaboracion-para-dar-con-el-paradero-de-enzo-ariel-sanchez-de-24-anos\/","title":{"rendered":"Se solicita colaboraci\u00f3n para dar con el paradero de Enzo Ariel S\u00e1nchez, de 24 a\u00f1os"},"content":{"rendered":"<!-- VideographyWP Plugin Message: Automatic video embedding prevented by plugin options. -->\n\n<p>La <strong>Comisar\u00eda de San Pedro<\/strong> y el <strong>Centro de Monitoreo Municipal<\/strong> informan que se encuentra activa una <strong>averiguaci\u00f3n de paradero<\/strong> para <strong>S\u00c1NCHEZ ENZO ARIEL<\/strong>, de <strong>24 a\u00f1os<\/strong>, quien se retir\u00f3 de su domicilio sin regresar hasta el momento.<\/p>\n\n\n\n<p>Al momento de su desaparici\u00f3n, vest\u00eda una <strong>remera de la Selecci\u00f3n Argentina<\/strong>, un <strong>buzo rojo del Club River Plate<\/strong>, un <strong>pantal\u00f3n gris con rayas rojas laterales<\/strong> y <strong>zapatillas deportivas rojas<\/strong>.<\/p>\n\n\n\n<p>Como caracter\u00edsticas f\u00edsicas, Enzo es de <strong>contextura delgada<\/strong>, <strong>estatura alta (aproximadamente 1,70 metros)<\/strong>, y tiene <strong>cabello negro<\/strong>. Se desplazaba en una <strong>bicicleta de dama color gris<\/strong>, equipada con <strong>asiento para beb\u00e9<\/strong> y <strong>canasto color marr\u00f3n<\/strong>.<\/p>\n\n\n\n<p>Se ruega a la comunidad que cualquier informaci\u00f3n que pueda ser \u00fatil para dar con su paradero sea comunicada de inmediato al <strong>911 (Emergencias Policiales)<\/strong>, a la <strong>Comisar\u00eda de San Pedro<\/strong> al <strong>03329-425221<\/strong>, o al <strong>Centro de Monitoreo Municipal<\/strong> al <strong>03329-15317039<\/strong>.<\/p>\n\n\n\n<p><strong>#SanPedro #PersonaDesaparecida #EnzoS\u00e1nchez #Averiguaci\u00f3nDeParadero #AyudaComunitaria #Emergencias #Difusi\u00f3nSolidaria<\/strong><\/p>\n","protected":false},"excerpt":{"rendered":"<p>La Comisar\u00eda de San Pedro y el Centro de Monitoreo Municipal informan que se encuentra activa una averiguaci\u00f3n de paradero para S\u00c1NCHEZ ENZO ARIEL, de 24 a\u00f1os, quien se retir\u00f3 de su domicilio sin regresar hasta el momento. Al momento de su desaparici\u00f3n, vest\u00eda una remera de la Selecci\u00f3n Argentina, un buzo rojo del Club [&hellip;]<\/p>\n","protected":false},"author":4,"featured_media":139772,"comment_status":"closed","ping_status":"closed","sticky":false,"template":"","format":"standard","meta":{"om_disable_all_campaigns":false,"_jetpack_memberships_contains_paid_content":false,"footnotes":""},"categories":[50,101,2],"tags":[],"class_list":["post-139771","post","type-post","status-publish","format-standard","has-post-thumbnail","hentry","category-destacadas","category-interes-general-locales","category-locales"],"aioseo_notices":[],"gutentor_comment":0,"jetpack_featured_media_url":"https:\/\/eldiariodesanpedro.com.ar\/sitio\/wp-content\/uploads\/2025\/05\/medida-14.jpg","jetpack_shortlink":"https:\/\/wp.me\/p6RhLt-Amn","jetpack_sharing_enabled":true,"_links":{"self":[{"href":"https:\/\/eldiariodesanpedro.com.ar\/sitio\/wp-json\/wp\/v2\/posts\/139771","targetHints":{"allow":["GET"]}}],"collection":[{"href":"https:\/\/eldiariodesanpedro.com.ar\/sitio\/wp-json\/wp\/v2\/posts"}],"about":[{"href":"https:\/\/eldiariodesanpedro.com.ar\/sitio\/wp-json\/wp\/v2\/types\/post"}],"author":[{"embeddable":true,"href":"https:\/\/eldiariodesanpedro.com.ar\/sitio\/wp-json\/wp\/v2\/users\/4"}],"replies":[{"embeddable":true,"href":"https:\/\/eldiariodesanpedro.com.ar\/sitio\/wp-json\/wp\/v2\/comments?post=139771"}],"version-history":[{"count":1,"href":"https:\/\/eldiariodesanpedro.com.ar\/sitio\/wp-json\/wp\/v2\/posts\/139771\/revisions"}],"predecessor-version":[{"id":139773,"href":"https:\/\/eldiariodesanpedro.com.ar\/sitio\/wp-json\/wp\/v2\/posts\/139771\/revisions\/139773"}],"wp:featuredmedia":[{"embeddable":true,"href":"https:\/\/eldiariodesanpedro.com.ar\/sitio\/wp-json\/wp\/v2\/media\/139772"}],"wp:attachment":[{"href":"https:\/\/eldiariodesanpedro.com.ar\/sitio\/wp-json\/wp\/v2\/media?parent=139771"}],"wp:term":[{"taxonomy":"category","embeddable":true,"href":"https:\/\/eldiariodesanpedro.com.ar\/sitio\/wp-json\/wp\/v2\/categories?post=139771"},{"taxonomy":"post_tag","embeddable":true,"href":"https:\/\/eldiariodesanpedro.com.ar\/sitio\/wp-json\/wp\/v2\/tags?post=139771"}],"curies":[{"name":"wp","href":"https:\/\/api.w.org\/{rel}","templated":true}]}}