{"id":13975,"date":"2017-02-02T20:24:29","date_gmt":"2017-02-02T23:24:29","guid":{"rendered":"https:\/\/eldiariodesanpedro.com.ar\/sitio\/?p=13975"},"modified":"2017-02-02T20:24:29","modified_gmt":"2017-02-02T23:24:29","slug":"zarate-detuvieron-a-un-sujeto-que-le-disparo-a-un-chico-de-13-anos","status":"publish","type":"post","link":"https:\/\/eldiariodesanpedro.com.ar\/sitio\/zarate-detuvieron-a-un-sujeto-que-le-disparo-a-un-chico-de-13-anos\/","title":{"rendered":"Z\u00c1RATE: Detuvieron a un sujeto que le dispar\u00f3 a un chico de 13 a\u00f1os"},"content":{"rendered":"<p><!-- VideographyWP Plugin Message: Automatic video embedding prevented by plugin options. --><br \/>\nLa DDI Z\u00e1rate \u2013 Campana efectiviz\u00f3 horas atr\u00e1s una orden de allanamiento y detenci\u00f3n por una causa caratulada como \u201clesiones graves\u201d.<\/p>\n<p>El procedimiento tuvo lugar en una vivienda en calle Mitre y Pividal de Z\u00e1rate, y arroj\u00f3 como saldo la detenci\u00f3n de un sujeto por el delito de \u201clesiones graves agravadas por el uso de arma de fuego\u201d.<\/p>\n<p>Seg\u00fan precisaron fuentes el hecho tuvo lugar el 2 de Enero cuando un ni\u00f1o de 13 a\u00f1os, que jugaba en el patio delantero de su casa, recibi\u00f3 un impacto de bala en el antebrazo izquierdo, con orificio de entrada y salida pero sin riesgo de vida.<\/p>\n<p>A ra\u00edz de distintas averiguaciones se logr\u00f3 dar con el agresor de 23 a\u00f1os y una menor que lo acompa\u00f1aba. En el lugar tambi\u00e9n secuestraron un rev\u00f3lver calibre 32, sin numeraci\u00f3n ni marca visible, y algunas municiones.<\/p>\n<p>\u201cAgradezco el trabajo realizado por la DDI bajo el mando del Comisario Inspector Osvaldo Alberto Jofr\u00e9, jefe de la departamental de investigaciones, con quien vengo trabajando coordinadamente en varias cuestiones del distrito\u201d destac\u00f3 Gast\u00f3n Otero, subsecretario de seguridad de la municipalidad de Z\u00e1rate. (http:\/\/www.enlacecritico.com)<\/p>\n","protected":false},"excerpt":{"rendered":"<p>La DDI Z\u00e1rate \u2013 Campana efectiviz\u00f3 horas atr\u00e1s una orden de allanamiento y detenci\u00f3n por una causa caratulada como \u201clesiones graves\u201d. El procedimiento tuvo lugar en una vivienda en calle Mitre y Pividal de Z\u00e1rate, y arroj\u00f3 como saldo la detenci\u00f3n de un sujeto por el delito de \u201clesiones graves agravadas por el uso de [&hellip;]<\/p>\n","protected":false},"author":4,"featured_media":13976,"comment_status":"open","ping_status":"closed","sticky":false,"template":"","format":"standard","meta":{"om_disable_all_campaigns":false,"_jetpack_memberships_contains_paid_content":false,"footnotes":""},"categories":[621],"tags":[],"class_list":["post-13975","post","type-post","status-publish","format-standard","has-post-thumbnail","hentry","category-regionales"],"aioseo_notices":[],"gutentor_comment":0,"jetpack_featured_media_url":"https:\/\/eldiariodesanpedro.com.ar\/sitio\/wp-content\/uploads\/2017\/02\/Revolver.jpg","jetpack_shortlink":"https:\/\/wp.me\/p6RhLt-3Dp","jetpack_sharing_enabled":true,"_links":{"self":[{"href":"https:\/\/eldiariodesanpedro.com.ar\/sitio\/wp-json\/wp\/v2\/posts\/13975","targetHints":{"allow":["GET"]}}],"collection":[{"href":"https:\/\/eldiariodesanpedro.com.ar\/sitio\/wp-json\/wp\/v2\/posts"}],"about":[{"href":"https:\/\/eldiariodesanpedro.com.ar\/sitio\/wp-json\/wp\/v2\/types\/post"}],"author":[{"embeddable":true,"href":"https:\/\/eldiariodesanpedro.com.ar\/sitio\/wp-json\/wp\/v2\/users\/4"}],"replies":[{"embeddable":true,"href":"https:\/\/eldiariodesanpedro.com.ar\/sitio\/wp-json\/wp\/v2\/comments?post=13975"}],"version-history":[{"count":1,"href":"https:\/\/eldiariodesanpedro.com.ar\/sitio\/wp-json\/wp\/v2\/posts\/13975\/revisions"}],"predecessor-version":[{"id":13977,"href":"https:\/\/eldiariodesanpedro.com.ar\/sitio\/wp-json\/wp\/v2\/posts\/13975\/revisions\/13977"}],"wp:featuredmedia":[{"embeddable":true,"href":"https:\/\/eldiariodesanpedro.com.ar\/sitio\/wp-json\/wp\/v2\/media\/13976"}],"wp:attachment":[{"href":"https:\/\/eldiariodesanpedro.com.ar\/sitio\/wp-json\/wp\/v2\/media?parent=13975"}],"wp:term":[{"taxonomy":"category","embeddable":true,"href":"https:\/\/eldiariodesanpedro.com.ar\/sitio\/wp-json\/wp\/v2\/categories?post=13975"},{"taxonomy":"post_tag","embeddable":true,"href":"https:\/\/eldiariodesanpedro.com.ar\/sitio\/wp-json\/wp\/v2\/tags?post=13975"}],"curies":[{"name":"wp","href":"https:\/\/api.w.org\/{rel}","templated":true}]}}