{"id":13972,"date":"2017-02-02T20:22:03","date_gmt":"2017-02-02T23:22:03","guid":{"rendered":"https:\/\/eldiariodesanpedro.com.ar\/sitio\/?p=13972"},"modified":"2017-02-02T20:22:03","modified_gmt":"2017-02-02T23:22:03","slug":"campana-pasajero-se-descompenso-y-murio-en-la-terminal-de-micros","status":"publish","type":"post","link":"https:\/\/eldiariodesanpedro.com.ar\/sitio\/campana-pasajero-se-descompenso-y-murio-en-la-terminal-de-micros\/","title":{"rendered":"CAMPANA: Pasajero se descompens\u00f3 y muri\u00f3 en la terminal de micros"},"content":{"rendered":"<p><!-- VideographyWP Plugin Message: Automatic video embedding prevented by plugin options. --><br \/>\nViajaba en un micro proveniente de Formosa. Con 57 a\u00f1os, fue al ba\u00f1o del veh\u00edculo porque se sent\u00eda descompuesto, y muri\u00f3. Al parecer, la v\u00edctima sufr\u00eda de diabetes.<\/p>\n<p>Un pasajero que viajaba en micro, muri\u00f3 al llegar al parador de \u00f3mnibusTravel, luego de sentirse descompuesto.<\/p>\n<p>El hombre de 57 a\u00f1os, identificado como Edgardo Macos Cristian Polero V\u00e9lez, viajaba desde Formosa en un micro de la empresa Aguila Dorada Bis que arrib\u00f3 a la terminal local.<\/p>\n<p>Ante la demora del hombre oriundo de Ciudadela, lo encontraron descompensado en el ba\u00f1o del micro. Por ello, se solicit\u00f3 la presencia de Bomberos, quienes arribaron en el m\u00f3vil 34 de Bomberos a cargo del Ayudante Jonathan Craviotto, y constataron que se encontraba sin vida.<\/p>\n<p>Tambi\u00e9n se hizo presente el m\u00f3vil del Comando Patrulla a cargo de la oficial Maribel Pe\u00f1aranda, debiendo demorar al micro en el lugar a la espera de Polic\u00eda Cient\u00edfica, y as\u00ed terminar de constatar las causas de la muerte, que estar\u00edan relacionadas con la enfermedad que padec\u00eda: diabetes. (http:\/\/www.campananoticias.com).<\/p>\n","protected":false},"excerpt":{"rendered":"<p>Viajaba en un micro proveniente de Formosa. Con 57 a\u00f1os, fue al ba\u00f1o del veh\u00edculo porque se sent\u00eda descompuesto, y muri\u00f3. Al parecer, la v\u00edctima sufr\u00eda de diabetes. Un pasajero que viajaba en micro, muri\u00f3 al llegar al parador de \u00f3mnibusTravel, luego de sentirse descompuesto. El hombre de 57 a\u00f1os, identificado como Edgardo Macos Cristian [&hellip;]<\/p>\n","protected":false},"author":4,"featured_media":13973,"comment_status":"open","ping_status":"closed","sticky":false,"template":"","format":"standard","meta":{"om_disable_all_campaigns":false,"_jetpack_memberships_contains_paid_content":false,"footnotes":""},"categories":[621],"tags":[],"class_list":["post-13972","post","type-post","status-publish","format-standard","has-post-thumbnail","hentry","category-regionales"],"aioseo_notices":[],"gutentor_comment":0,"jetpack_featured_media_url":"https:\/\/eldiariodesanpedro.com.ar\/sitio\/wp-content\/uploads\/2017\/02\/se-descompens\u00f3-y-muri\u00f3-en-la-terminal-de-micros.jpg","jetpack_shortlink":"https:\/\/wp.me\/p6RhLt-3Dm","jetpack_sharing_enabled":true,"_links":{"self":[{"href":"https:\/\/eldiariodesanpedro.com.ar\/sitio\/wp-json\/wp\/v2\/posts\/13972","targetHints":{"allow":["GET"]}}],"collection":[{"href":"https:\/\/eldiariodesanpedro.com.ar\/sitio\/wp-json\/wp\/v2\/posts"}],"about":[{"href":"https:\/\/eldiariodesanpedro.com.ar\/sitio\/wp-json\/wp\/v2\/types\/post"}],"author":[{"embeddable":true,"href":"https:\/\/eldiariodesanpedro.com.ar\/sitio\/wp-json\/wp\/v2\/users\/4"}],"replies":[{"embeddable":true,"href":"https:\/\/eldiariodesanpedro.com.ar\/sitio\/wp-json\/wp\/v2\/comments?post=13972"}],"version-history":[{"count":1,"href":"https:\/\/eldiariodesanpedro.com.ar\/sitio\/wp-json\/wp\/v2\/posts\/13972\/revisions"}],"predecessor-version":[{"id":13974,"href":"https:\/\/eldiariodesanpedro.com.ar\/sitio\/wp-json\/wp\/v2\/posts\/13972\/revisions\/13974"}],"wp:featuredmedia":[{"embeddable":true,"href":"https:\/\/eldiariodesanpedro.com.ar\/sitio\/wp-json\/wp\/v2\/media\/13973"}],"wp:attachment":[{"href":"https:\/\/eldiariodesanpedro.com.ar\/sitio\/wp-json\/wp\/v2\/media?parent=13972"}],"wp:term":[{"taxonomy":"category","embeddable":true,"href":"https:\/\/eldiariodesanpedro.com.ar\/sitio\/wp-json\/wp\/v2\/categories?post=13972"},{"taxonomy":"post_tag","embeddable":true,"href":"https:\/\/eldiariodesanpedro.com.ar\/sitio\/wp-json\/wp\/v2\/tags?post=13972"}],"curies":[{"name":"wp","href":"https:\/\/api.w.org\/{rel}","templated":true}]}}