{"id":139636,"date":"2025-04-28T17:36:11","date_gmt":"2025-04-28T20:36:11","guid":{"rendered":"https:\/\/eldiariodesanpedro.com.ar\/sitio\/?p=139636"},"modified":"2025-04-28T17:36:15","modified_gmt":"2025-04-28T20:36:15","slug":"sorpresa-en-la-escuela-normal-un-zorro-irrumpio-en-la-biblioteca-del-nivel-primario","status":"publish","type":"post","link":"https:\/\/eldiariodesanpedro.com.ar\/sitio\/sorpresa-en-la-escuela-normal-un-zorro-irrumpio-en-la-biblioteca-del-nivel-primario\/","title":{"rendered":"Sorpresa en la Escuela Normal: un zorro irrumpi\u00f3 en la biblioteca del nivel primario"},"content":{"rendered":"<!-- VideographyWP Plugin Message: Automatic video embedding prevented by plugin options. -->\n\n<p>Un <strong>inusual episodio<\/strong> se registr\u00f3 este <strong>lunes<\/strong> en el edificio de la <strong>unidad acad\u00e9mica de la Escuela Normal<\/strong>. Para sorpresa de toda la comunidad educativa, <strong>un zorro apareci\u00f3 en el sector de la biblioteca del nivel primario<\/strong>.<\/p>\n\n\n\n<p>De manera inmediata, <strong>las autoridades escolares se comunicaron con el Departamento de Bromatolog\u00eda de la Municipalidad<\/strong>. El \u00e1rea, que conduce <strong>Saverio Guti\u00e9rrez<\/strong>, intervino r\u00e1pidamente <strong>para rescatar al animal<\/strong> y <strong>evitar posibles riesgos<\/strong> para alumnos y docentes.<\/p>\n\n\n\n<p>Luego de poner al zorro <strong>a resguardo<\/strong>, el equipo de Bromatolog\u00eda lo <strong>traslad\u00f3 a una zona rural cercana a Vuelta de Obligado<\/strong>, donde finalmente <strong>fue liberado en su h\u00e1bitat natural<\/strong>.<\/p>\n\n\n\n<p>#NaturalezaUrbana #RescateAnimal #EscuelaNormal #VueltaDeObligado #CuidadoAmbiental<\/p>\n","protected":false},"excerpt":{"rendered":"<p>Un inusual episodio se registr\u00f3 este lunes en el edificio de la unidad acad\u00e9mica de la Escuela Normal. Para sorpresa de toda la comunidad educativa, un zorro apareci\u00f3 en el sector de la biblioteca del nivel primario. De manera inmediata, las autoridades escolares se comunicaron con el Departamento de Bromatolog\u00eda de la Municipalidad. El \u00e1rea, [&hellip;]<\/p>\n","protected":false},"author":4,"featured_media":139637,"comment_status":"closed","ping_status":"closed","sticky":false,"template":"","format":"standard","meta":{"om_disable_all_campaigns":false,"_jetpack_memberships_contains_paid_content":false,"footnotes":""},"categories":[101,2],"tags":[],"class_list":["post-139636","post","type-post","status-publish","format-standard","has-post-thumbnail","hentry","category-interes-general-locales","category-locales"],"aioseo_notices":[],"gutentor_comment":0,"jetpack_featured_media_url":"https:\/\/eldiariodesanpedro.com.ar\/sitio\/wp-content\/uploads\/2025\/04\/Zorro-escuela-normal-.jpg","jetpack_shortlink":"https:\/\/wp.me\/p6RhLt-Akc","jetpack_sharing_enabled":true,"_links":{"self":[{"href":"https:\/\/eldiariodesanpedro.com.ar\/sitio\/wp-json\/wp\/v2\/posts\/139636","targetHints":{"allow":["GET"]}}],"collection":[{"href":"https:\/\/eldiariodesanpedro.com.ar\/sitio\/wp-json\/wp\/v2\/posts"}],"about":[{"href":"https:\/\/eldiariodesanpedro.com.ar\/sitio\/wp-json\/wp\/v2\/types\/post"}],"author":[{"embeddable":true,"href":"https:\/\/eldiariodesanpedro.com.ar\/sitio\/wp-json\/wp\/v2\/users\/4"}],"replies":[{"embeddable":true,"href":"https:\/\/eldiariodesanpedro.com.ar\/sitio\/wp-json\/wp\/v2\/comments?post=139636"}],"version-history":[{"count":1,"href":"https:\/\/eldiariodesanpedro.com.ar\/sitio\/wp-json\/wp\/v2\/posts\/139636\/revisions"}],"predecessor-version":[{"id":139638,"href":"https:\/\/eldiariodesanpedro.com.ar\/sitio\/wp-json\/wp\/v2\/posts\/139636\/revisions\/139638"}],"wp:featuredmedia":[{"embeddable":true,"href":"https:\/\/eldiariodesanpedro.com.ar\/sitio\/wp-json\/wp\/v2\/media\/139637"}],"wp:attachment":[{"href":"https:\/\/eldiariodesanpedro.com.ar\/sitio\/wp-json\/wp\/v2\/media?parent=139636"}],"wp:term":[{"taxonomy":"category","embeddable":true,"href":"https:\/\/eldiariodesanpedro.com.ar\/sitio\/wp-json\/wp\/v2\/categories?post=139636"},{"taxonomy":"post_tag","embeddable":true,"href":"https:\/\/eldiariodesanpedro.com.ar\/sitio\/wp-json\/wp\/v2\/tags?post=139636"}],"curies":[{"name":"wp","href":"https:\/\/api.w.org\/{rel}","templated":true}]}}