{"id":139633,"date":"2025-04-28T17:22:35","date_gmt":"2025-04-28T20:22:35","guid":{"rendered":"https:\/\/eldiariodesanpedro.com.ar\/sitio\/?p=139633"},"modified":"2025-04-28T17:22:38","modified_gmt":"2025-04-28T20:22:38","slug":"carlos-farre-deja-la-secretaria-de-seguridad-de-san-pedro","status":"publish","type":"post","link":"https:\/\/eldiariodesanpedro.com.ar\/sitio\/carlos-farre-deja-la-secretaria-de-seguridad-de-san-pedro\/","title":{"rendered":"Carlos Farr\u00e9 deja la Secretar\u00eda de Seguridad de San Pedro"},"content":{"rendered":"<!-- VideographyWP Plugin Message: Automatic video embedding prevented by plugin options. -->\n\n<p>Esta semana, <strong>Carlos Farr\u00e9<\/strong>, actual <strong>Secretario de Seguridad de la Municipalidad de San Pedro<\/strong>, <strong>dejar\u00e1 su cargo<\/strong> tras aceptar un ofrecimiento para integrarse al equipo del <strong>flamante Ministro de Seguridad de la Ciudad de Buenos Aires, Horacio Gim\u00e9nez<\/strong>, ex Comisario.<\/p>\n\n\n\n<p><strong>Farr\u00e9<\/strong> hab\u00eda asumido en el mes de <strong>febrero<\/strong>, luego de la salida de <strong>Mario M\u00e9ndez<\/strong>. Durante su breve gesti\u00f3n, <strong>se acerc\u00f3 a instituciones clave<\/strong> como el <strong>Centro de Comercio<\/strong> y la <strong>Sociedad Rural<\/strong>, en un contexto de <strong>fuertes manifestaciones<\/strong> motivadas por la <strong>inseguridad<\/strong> en la zona.<\/p>\n\n\n\n<p>Adem\u00e1s, <strong>encabez\u00f3 personalmente<\/strong> la mayor\u00eda de los <strong>operativos de saturaci\u00f3n<\/strong> realizados en distintos barrios, y <strong>particip\u00f3 activamente<\/strong> en varios <strong>allanamientos<\/strong> vinculados a investigaciones judiciales por <strong>narcomenudeo<\/strong>.<\/p>\n\n\n\n<p>Hasta el momento, <strong>no se confirm\u00f3 qui\u00e9n ser\u00e1 su reemplazante<\/strong>, ni tampoco se ha definido la situaci\u00f3n del <strong>Subsecretario Gabriel Cabral<\/strong>, quien ofici\u00f3 como <strong>vocero<\/strong> del \u00e1rea en los \u00faltimos meses.<\/p>\n\n\n\n<p>#SanPedro #Seguridad #CarlosFarr\u00e9 #HoracioGim\u00e9nez #CambioDeGesti\u00f3n #Inseguridad #OperativosPoliciales #Narcomenudeo<\/p>\n","protected":false},"excerpt":{"rendered":"<p>Esta semana, Carlos Farr\u00e9, actual Secretario de Seguridad de la Municipalidad de San Pedro, dejar\u00e1 su cargo tras aceptar un ofrecimiento para integrarse al equipo del flamante Ministro de Seguridad de la Ciudad de Buenos Aires, Horacio Gim\u00e9nez, ex Comisario. Farr\u00e9 hab\u00eda asumido en el mes de febrero, luego de la salida de Mario M\u00e9ndez. [&hellip;]<\/p>\n","protected":false},"author":4,"featured_media":139634,"comment_status":"closed","ping_status":"closed","sticky":false,"template":"","format":"standard","meta":{"om_disable_all_campaigns":false,"_jetpack_memberships_contains_paid_content":false,"footnotes":""},"categories":[50,101,2],"tags":[],"class_list":["post-139633","post","type-post","status-publish","format-standard","has-post-thumbnail","hentry","category-destacadas","category-interes-general-locales","category-locales"],"aioseo_notices":[],"gutentor_comment":0,"jetpack_featured_media_url":"https:\/\/eldiariodesanpedro.com.ar\/sitio\/wp-content\/uploads\/2025\/04\/Carlos-Farre-1.jpg","jetpack_shortlink":"https:\/\/wp.me\/p6RhLt-Ak9","jetpack_sharing_enabled":true,"_links":{"self":[{"href":"https:\/\/eldiariodesanpedro.com.ar\/sitio\/wp-json\/wp\/v2\/posts\/139633","targetHints":{"allow":["GET"]}}],"collection":[{"href":"https:\/\/eldiariodesanpedro.com.ar\/sitio\/wp-json\/wp\/v2\/posts"}],"about":[{"href":"https:\/\/eldiariodesanpedro.com.ar\/sitio\/wp-json\/wp\/v2\/types\/post"}],"author":[{"embeddable":true,"href":"https:\/\/eldiariodesanpedro.com.ar\/sitio\/wp-json\/wp\/v2\/users\/4"}],"replies":[{"embeddable":true,"href":"https:\/\/eldiariodesanpedro.com.ar\/sitio\/wp-json\/wp\/v2\/comments?post=139633"}],"version-history":[{"count":1,"href":"https:\/\/eldiariodesanpedro.com.ar\/sitio\/wp-json\/wp\/v2\/posts\/139633\/revisions"}],"predecessor-version":[{"id":139635,"href":"https:\/\/eldiariodesanpedro.com.ar\/sitio\/wp-json\/wp\/v2\/posts\/139633\/revisions\/139635"}],"wp:featuredmedia":[{"embeddable":true,"href":"https:\/\/eldiariodesanpedro.com.ar\/sitio\/wp-json\/wp\/v2\/media\/139634"}],"wp:attachment":[{"href":"https:\/\/eldiariodesanpedro.com.ar\/sitio\/wp-json\/wp\/v2\/media?parent=139633"}],"wp:term":[{"taxonomy":"category","embeddable":true,"href":"https:\/\/eldiariodesanpedro.com.ar\/sitio\/wp-json\/wp\/v2\/categories?post=139633"},{"taxonomy":"post_tag","embeddable":true,"href":"https:\/\/eldiariodesanpedro.com.ar\/sitio\/wp-json\/wp\/v2\/tags?post=139633"}],"curies":[{"name":"wp","href":"https:\/\/api.w.org\/{rel}","templated":true}]}}