{"id":13963,"date":"2017-02-02T20:14:59","date_gmt":"2017-02-02T23:14:59","guid":{"rendered":"https:\/\/eldiariodesanpedro.com.ar\/sitio\/?p=13963"},"modified":"2017-02-02T20:14:59","modified_gmt":"2017-02-02T23:14:59","slug":"acercarte-se-hara-finalmente-en-el-mes-abril","status":"publish","type":"post","link":"https:\/\/eldiariodesanpedro.com.ar\/sitio\/acercarte-se-hara-finalmente-en-el-mes-abril\/","title":{"rendered":"AcercArte se har\u00e1 finalmente en el mes abril"},"content":{"rendered":"<p><!-- VideographyWP Plugin Message: Automatic video embedding prevented by plugin options. --><br \/>\nFinalmente se confirm\u00f3 la fecha de la realizaci\u00f3n del programa cultural que propone un fin de semana lleno de espect\u00e1culos, m\u00fasica, teatro y talleres.<\/p>\n<p>En ese Sentido Mar\u00eda Jos\u00e9 Mora, Directora de Cultura de la Municipalidad de San Pedro, se\u00f1al\u00f3: \u201cSi bien cuando viajamos hace un par de meses atr\u00e1s con el Intendente a una reuni\u00f3n con con Alejandro G\u00f3mez, el Ministro de Gesti\u00f3n Cultural, y nos hab\u00edan tirado como fecha estimativa el 25 de marzo pero finalmente nos confirmaron que va hacer en abril, el 29 y el 30 es un fin de semana largo\u201d aunque a\u00fan \u201cno tenemos todav\u00eda los artistas\u201d que van a participar.<\/p>\n<p>En ese sentido, asever\u00f3: \u201cLo que nos pidieron es un listado artistas que no hayan estado \u00faltimamente en San Pedro como para no repetir y seguramente van a tener en cuenta los que tuvieron en Baradero, San Nicol\u00e1s y Arrecifes como para no traer los mismos elencos\u201d.<\/p>\n<p>A lo largo de las jornadas, todas las familias podr\u00e1n participar gratuitamente de espect\u00e1culos infantiles, proyecciones, shows de stand up, danza urbana, m\u00fasica, teatro y un cierre con artistas reconocidos.<\/p>\n","protected":false},"excerpt":{"rendered":"<p>Finalmente se confirm\u00f3 la fecha de la realizaci\u00f3n del programa cultural que propone un fin de semana lleno de espect\u00e1culos, m\u00fasica, teatro y talleres. En ese Sentido Mar\u00eda Jos\u00e9 Mora, Directora de Cultura de la Municipalidad de San Pedro, se\u00f1al\u00f3: \u201cSi bien cuando viajamos hace un par de meses atr\u00e1s con el Intendente a una [&hellip;]<\/p>\n","protected":false},"author":4,"featured_media":13964,"comment_status":"open","ping_status":"closed","sticky":false,"template":"","format":"standard","meta":{"om_disable_all_campaigns":false,"_jetpack_memberships_contains_paid_content":false,"footnotes":""},"categories":[101,2],"tags":[],"class_list":["post-13963","post","type-post","status-publish","format-standard","has-post-thumbnail","hentry","category-interes-general-locales","category-locales"],"aioseo_notices":[],"gutentor_comment":0,"jetpack_featured_media_url":"https:\/\/eldiariodesanpedro.com.ar\/sitio\/wp-content\/uploads\/2017\/02\/Confirman-la-realizaci\u00f3n-de-Acercarte-para-abril.jpg","jetpack_shortlink":"https:\/\/wp.me\/p6RhLt-3Dd","jetpack_sharing_enabled":true,"_links":{"self":[{"href":"https:\/\/eldiariodesanpedro.com.ar\/sitio\/wp-json\/wp\/v2\/posts\/13963","targetHints":{"allow":["GET"]}}],"collection":[{"href":"https:\/\/eldiariodesanpedro.com.ar\/sitio\/wp-json\/wp\/v2\/posts"}],"about":[{"href":"https:\/\/eldiariodesanpedro.com.ar\/sitio\/wp-json\/wp\/v2\/types\/post"}],"author":[{"embeddable":true,"href":"https:\/\/eldiariodesanpedro.com.ar\/sitio\/wp-json\/wp\/v2\/users\/4"}],"replies":[{"embeddable":true,"href":"https:\/\/eldiariodesanpedro.com.ar\/sitio\/wp-json\/wp\/v2\/comments?post=13963"}],"version-history":[{"count":1,"href":"https:\/\/eldiariodesanpedro.com.ar\/sitio\/wp-json\/wp\/v2\/posts\/13963\/revisions"}],"predecessor-version":[{"id":13965,"href":"https:\/\/eldiariodesanpedro.com.ar\/sitio\/wp-json\/wp\/v2\/posts\/13963\/revisions\/13965"}],"wp:featuredmedia":[{"embeddable":true,"href":"https:\/\/eldiariodesanpedro.com.ar\/sitio\/wp-json\/wp\/v2\/media\/13964"}],"wp:attachment":[{"href":"https:\/\/eldiariodesanpedro.com.ar\/sitio\/wp-json\/wp\/v2\/media?parent=13963"}],"wp:term":[{"taxonomy":"category","embeddable":true,"href":"https:\/\/eldiariodesanpedro.com.ar\/sitio\/wp-json\/wp\/v2\/categories?post=13963"},{"taxonomy":"post_tag","embeddable":true,"href":"https:\/\/eldiariodesanpedro.com.ar\/sitio\/wp-json\/wp\/v2\/tags?post=13963"}],"curies":[{"name":"wp","href":"https:\/\/api.w.org\/{rel}","templated":true}]}}