{"id":139627,"date":"2025-04-28T17:03:38","date_gmt":"2025-04-28T20:03:38","guid":{"rendered":"https:\/\/eldiariodesanpedro.com.ar\/sitio\/?p=139627"},"modified":"2025-04-28T17:03:42","modified_gmt":"2025-04-28T20:03:42","slug":"firma-de-contrato-con-ashira-para-la-recoleccion-de-residuos-urbanos","status":"publish","type":"post","link":"https:\/\/eldiariodesanpedro.com.ar\/sitio\/firma-de-contrato-con-ashira-para-la-recoleccion-de-residuos-urbanos\/","title":{"rendered":"Firma de contrato con Ashira para la recolecci\u00f3n de residuos urbanos"},"content":{"rendered":"<!-- VideographyWP Plugin Message: Automatic video embedding prevented by plugin options. -->\n\n<p><strong>El Intendente Cecilio Salazar<\/strong> encabez\u00f3 este lunes la <strong>firma del contrato<\/strong> con la empresa <strong>Ashira S.A.<\/strong> para la <strong>prestaci\u00f3n del servicio de recolecci\u00f3n de residuos, barrido y limpieza urbana<\/strong>, tras la finalizaci\u00f3n del <strong>proceso licitatorio iniciado a principios de a\u00f1o<\/strong>.<\/p>\n\n\n\n<p>Esta firma representa un <strong>paso fundamental para mejorar y reorganizar<\/strong> el servicio de recolecci\u00f3n en la ciudad, despu\u00e9s de <strong>m\u00e1s de una d\u00e9cada sin un proceso de licitaci\u00f3n formal<\/strong>. A partir de la <strong>aprobaci\u00f3n de la ordenanza N\u00b0 6680\/24<\/strong> por el <strong>Honorable Concejo Deliberante<\/strong>, se llev\u00f3 adelante una <strong>licitaci\u00f3n p\u00fablica<\/strong> que cont\u00f3 con la participaci\u00f3n de <strong>dos oferentes<\/strong>.<\/p>\n\n\n\n<p>La <strong>adjudicaci\u00f3n a Ashira<\/strong> se concret\u00f3 tras el <strong>cumplimiento de todos los requisitos exigidos en el pliego<\/strong>, asegurando un <strong>servicio adecuado al crecimiento urbano<\/strong> y a las <strong>nuevas demandas de los barrios y loteos<\/strong> que se han incorporado en los \u00faltimos a\u00f1os.<\/p>\n\n\n\n<p>Participaron del acto el <strong>Jefe de Gabinete, Alfredo Carrasco<\/strong>; el <strong>Secretario de Obras y Servicios P\u00fablicos, Mariano Bra\u00f1as<\/strong>; y el <strong>Subsecretario de Legal y T\u00e9cnica, Daniel Porta<\/strong>. En representaci\u00f3n de la empresa estuvieron presentes <strong>Sebasti\u00e1n Insua<\/strong> y <strong>Jorge Hepp<\/strong>.<\/p>\n\n\n\n<p><strong>#Recolecci\u00f3nDeResiduos #Gesti\u00f3nUrbana #ServiciosP\u00fablicos #SanPedro #AshiraSA #CecilioSalazar #ObrasYP\u00fablicos<\/strong><\/p>\n\n\n\n<div class=\"wp-block-jetpack-slideshow aligncenter\" data-effect=\"slide\"><div class=\"wp-block-jetpack-slideshow_container swiper-container\"><ul class=\"wp-block-jetpack-slideshow_swiper-wrapper swiper-wrapper\"><li class=\"wp-block-jetpack-slideshow_slide swiper-slide\"><figure><img decoding=\"async\" width=\"946\" height=\"630\" alt=\"\" class=\"wp-block-jetpack-slideshow_image wp-image-139631 lazyload\" data-id=\"139631\" data-src=\"https:\/\/eldiariodesanpedro.com.ar\/sitio\/wp-content\/uploads\/2025\/04\/Imagen-de-WhatsApp-2025-04-28-a-las-14.33.03_2d11dff4.jpg\" data-srcset=\"https:\/\/eldiariodesanpedro.com.ar\/sitio\/wp-content\/uploads\/2025\/04\/Imagen-de-WhatsApp-2025-04-28-a-las-14.33.03_2d11dff4.jpg 946w, https:\/\/eldiariodesanpedro.com.ar\/sitio\/wp-content\/uploads\/2025\/04\/Imagen-de-WhatsApp-2025-04-28-a-las-14.33.03_2d11dff4-300x200.jpg 300w, https:\/\/eldiariodesanpedro.com.ar\/sitio\/wp-content\/uploads\/2025\/04\/Imagen-de-WhatsApp-2025-04-28-a-las-14.33.03_2d11dff4-768x511.jpg 768w\" data-sizes=\"(max-width: 946px) 100vw, 946px\" src=\"data:image\/svg+xml;base64,PHN2ZyB3aWR0aD0iMSIgaGVpZ2h0PSIxIiB4bWxucz0iaHR0cDovL3d3dy53My5vcmcvMjAwMC9zdmciPjwvc3ZnPg==\" style=\"--smush-placeholder-width: 946px; --smush-placeholder-aspect-ratio: 946\/630;\" \/><\/figure><\/li><li class=\"wp-block-jetpack-slideshow_slide swiper-slide\"><figure><img decoding=\"async\" width=\"946\" height=\"630\" alt=\"\" class=\"wp-block-jetpack-slideshow_image wp-image-139630 lazyload\" data-id=\"139630\" data-src=\"https:\/\/eldiariodesanpedro.com.ar\/sitio\/wp-content\/uploads\/2025\/04\/Imagen-de-WhatsApp-2025-04-28-a-las-14.33.03_0ad9c287.jpg\" data-srcset=\"https:\/\/eldiariodesanpedro.com.ar\/sitio\/wp-content\/uploads\/2025\/04\/Imagen-de-WhatsApp-2025-04-28-a-las-14.33.03_0ad9c287.jpg 946w, https:\/\/eldiariodesanpedro.com.ar\/sitio\/wp-content\/uploads\/2025\/04\/Imagen-de-WhatsApp-2025-04-28-a-las-14.33.03_0ad9c287-300x200.jpg 300w, https:\/\/eldiariodesanpedro.com.ar\/sitio\/wp-content\/uploads\/2025\/04\/Imagen-de-WhatsApp-2025-04-28-a-las-14.33.03_0ad9c287-768x511.jpg 768w\" data-sizes=\"(max-width: 946px) 100vw, 946px\" src=\"data:image\/svg+xml;base64,PHN2ZyB3aWR0aD0iMSIgaGVpZ2h0PSIxIiB4bWxucz0iaHR0cDovL3d3dy53My5vcmcvMjAwMC9zdmciPjwvc3ZnPg==\" style=\"--smush-placeholder-width: 946px; --smush-placeholder-aspect-ratio: 946\/630;\" \/><\/figure><\/li><li class=\"wp-block-jetpack-slideshow_slide swiper-slide\"><figure><img decoding=\"async\" width=\"946\" height=\"630\" alt=\"\" class=\"wp-block-jetpack-slideshow_image wp-image-139629 lazyload\" data-id=\"139629\" data-src=\"https:\/\/eldiariodesanpedro.com.ar\/sitio\/wp-content\/uploads\/2025\/04\/Imagen-de-WhatsApp-2025-04-28-a-las-14.33.02_f92f66bd.jpg\" data-srcset=\"https:\/\/eldiariodesanpedro.com.ar\/sitio\/wp-content\/uploads\/2025\/04\/Imagen-de-WhatsApp-2025-04-28-a-las-14.33.02_f92f66bd.jpg 946w, https:\/\/eldiariodesanpedro.com.ar\/sitio\/wp-content\/uploads\/2025\/04\/Imagen-de-WhatsApp-2025-04-28-a-las-14.33.02_f92f66bd-300x200.jpg 300w, https:\/\/eldiariodesanpedro.com.ar\/sitio\/wp-content\/uploads\/2025\/04\/Imagen-de-WhatsApp-2025-04-28-a-las-14.33.02_f92f66bd-768x511.jpg 768w\" data-sizes=\"(max-width: 946px) 100vw, 946px\" src=\"data:image\/svg+xml;base64,PHN2ZyB3aWR0aD0iMSIgaGVpZ2h0PSIxIiB4bWxucz0iaHR0cDovL3d3dy53My5vcmcvMjAwMC9zdmciPjwvc3ZnPg==\" style=\"--smush-placeholder-width: 946px; --smush-placeholder-aspect-ratio: 946\/630;\" \/><\/figure><\/li><li class=\"wp-block-jetpack-slideshow_slide swiper-slide\"><figure><img decoding=\"async\" width=\"946\" height=\"630\" alt=\"\" class=\"wp-block-jetpack-slideshow_image wp-image-139628 lazyload\" data-id=\"139628\" data-src=\"https:\/\/eldiariodesanpedro.com.ar\/sitio\/wp-content\/uploads\/2025\/04\/Imagen-de-WhatsApp-2025-04-28-a-las-14.33.02_0a3b34ca.jpg\" data-srcset=\"https:\/\/eldiariodesanpedro.com.ar\/sitio\/wp-content\/uploads\/2025\/04\/Imagen-de-WhatsApp-2025-04-28-a-las-14.33.02_0a3b34ca.jpg 946w, https:\/\/eldiariodesanpedro.com.ar\/sitio\/wp-content\/uploads\/2025\/04\/Imagen-de-WhatsApp-2025-04-28-a-las-14.33.02_0a3b34ca-300x200.jpg 300w, https:\/\/eldiariodesanpedro.com.ar\/sitio\/wp-content\/uploads\/2025\/04\/Imagen-de-WhatsApp-2025-04-28-a-las-14.33.02_0a3b34ca-768x511.jpg 768w\" data-sizes=\"(max-width: 946px) 100vw, 946px\" src=\"data:image\/svg+xml;base64,PHN2ZyB3aWR0aD0iMSIgaGVpZ2h0PSIxIiB4bWxucz0iaHR0cDovL3d3dy53My5vcmcvMjAwMC9zdmciPjwvc3ZnPg==\" style=\"--smush-placeholder-width: 946px; --smush-placeholder-aspect-ratio: 946\/630;\" \/><\/figure><\/li><\/ul><a class=\"wp-block-jetpack-slideshow_button-prev swiper-button-prev swiper-button-white\" role=\"button\"><\/a><a class=\"wp-block-jetpack-slideshow_button-next swiper-button-next swiper-button-white\" role=\"button\"><\/a><a aria-label=\"Pause Slideshow\" class=\"wp-block-jetpack-slideshow_button-pause\" role=\"button\"><\/a><div class=\"wp-block-jetpack-slideshow_pagination swiper-pagination swiper-pagination-white\"><\/div><\/div><\/div>\n","protected":false},"excerpt":{"rendered":"<p>El Intendente Cecilio Salazar encabez\u00f3 este lunes la firma del contrato con la empresa Ashira S.A. para la prestaci\u00f3n del servicio de recolecci\u00f3n de residuos, barrido y limpieza urbana, tras la finalizaci\u00f3n del proceso licitatorio iniciado a principios de a\u00f1o. Esta firma representa un paso fundamental para mejorar y reorganizar el servicio de recolecci\u00f3n en [&hellip;]<\/p>\n","protected":false},"author":4,"featured_media":139629,"comment_status":"closed","ping_status":"closed","sticky":false,"template":"","format":"standard","meta":{"om_disable_all_campaigns":false,"_jetpack_memberships_contains_paid_content":false,"footnotes":""},"categories":[50,101,2],"tags":[],"class_list":["post-139627","post","type-post","status-publish","format-standard","has-post-thumbnail","hentry","category-destacadas","category-interes-general-locales","category-locales"],"aioseo_notices":[],"gutentor_comment":0,"jetpack_featured_media_url":"https:\/\/eldiariodesanpedro.com.ar\/sitio\/wp-content\/uploads\/2025\/04\/Imagen-de-WhatsApp-2025-04-28-a-las-14.33.02_f92f66bd.jpg","jetpack_shortlink":"https:\/\/wp.me\/p6RhLt-Ak3","jetpack_sharing_enabled":true,"_links":{"self":[{"href":"https:\/\/eldiariodesanpedro.com.ar\/sitio\/wp-json\/wp\/v2\/posts\/139627","targetHints":{"allow":["GET"]}}],"collection":[{"href":"https:\/\/eldiariodesanpedro.com.ar\/sitio\/wp-json\/wp\/v2\/posts"}],"about":[{"href":"https:\/\/eldiariodesanpedro.com.ar\/sitio\/wp-json\/wp\/v2\/types\/post"}],"author":[{"embeddable":true,"href":"https:\/\/eldiariodesanpedro.com.ar\/sitio\/wp-json\/wp\/v2\/users\/4"}],"replies":[{"embeddable":true,"href":"https:\/\/eldiariodesanpedro.com.ar\/sitio\/wp-json\/wp\/v2\/comments?post=139627"}],"version-history":[{"count":1,"href":"https:\/\/eldiariodesanpedro.com.ar\/sitio\/wp-json\/wp\/v2\/posts\/139627\/revisions"}],"predecessor-version":[{"id":139632,"href":"https:\/\/eldiariodesanpedro.com.ar\/sitio\/wp-json\/wp\/v2\/posts\/139627\/revisions\/139632"}],"wp:featuredmedia":[{"embeddable":true,"href":"https:\/\/eldiariodesanpedro.com.ar\/sitio\/wp-json\/wp\/v2\/media\/139629"}],"wp:attachment":[{"href":"https:\/\/eldiariodesanpedro.com.ar\/sitio\/wp-json\/wp\/v2\/media?parent=139627"}],"wp:term":[{"taxonomy":"category","embeddable":true,"href":"https:\/\/eldiariodesanpedro.com.ar\/sitio\/wp-json\/wp\/v2\/categories?post=139627"},{"taxonomy":"post_tag","embeddable":true,"href":"https:\/\/eldiariodesanpedro.com.ar\/sitio\/wp-json\/wp\/v2\/tags?post=139627"}],"curies":[{"name":"wp","href":"https:\/\/api.w.org\/{rel}","templated":true}]}}