{"id":139621,"date":"2025-04-28T16:46:26","date_gmt":"2025-04-28T19:46:26","guid":{"rendered":"https:\/\/eldiariodesanpedro.com.ar\/sitio\/?p=139621"},"modified":"2025-04-28T16:46:30","modified_gmt":"2025-04-28T19:46:30","slug":"apertura-de-sobres-para-el-desarrollo-territorial-y-nuevo-codigo-de-edificacion-de-san-pedro","status":"publish","type":"post","link":"https:\/\/eldiariodesanpedro.com.ar\/sitio\/apertura-de-sobres-para-el-desarrollo-territorial-y-nuevo-codigo-de-edificacion-de-san-pedro\/","title":{"rendered":"Apertura de sobres para el desarrollo territorial y nuevo c\u00f3digo de edificaci\u00f3n de San Pedro"},"content":{"rendered":"<!-- VideographyWP Plugin Message: Automatic video embedding prevented by plugin options. -->\n\n<p><strong>Esta ma\u00f1ana<\/strong>, en la <strong>Secretar\u00eda de Econom\u00eda y Hacienda<\/strong>, se llev\u00f3 a cabo la <strong>apertura de sobres<\/strong> correspondiente a la <strong>licitaci\u00f3n privada<\/strong> para la <strong>contrataci\u00f3n del desarrollo territorial<\/strong> y el <strong>dise\u00f1o del nuevo plan urban\u00edstico<\/strong> de la ciudad de <strong>San Pedro<\/strong>.<\/p>\n\n\n\n<p>Del acto participaron el <strong>Secretario de Econom\u00eda y Hacienda, Roberto Borgo<\/strong>; el <strong>Secretario de Obras y Servicios P\u00fablicos, Mariano Bra\u00f1as<\/strong>; la <strong>Directora de Legal y T\u00e9cnica, Viviana Costa<\/strong>; la <strong>Directora de Contadur\u00eda, Mariana Giosa<\/strong>; el <strong>Jefe de Compras, Osvaldo \u00c1lvarez<\/strong>, y un <strong>representante de una de las dos empresas oferentes<\/strong>.<\/p>\n\n\n\n<p>Con <strong>dos propuestas v\u00e1lidas<\/strong> presentadas, se inicia ahora el <strong>proceso de an\u00e1lisis t\u00e9cnico y econ\u00f3mico<\/strong> para <strong>evaluar las ofertas<\/strong> y <strong>proceder a la adjudicaci\u00f3n<\/strong>. El objetivo de esta contrataci\u00f3n es <strong>avanzar con la planificaci\u00f3n del desarrollo territorial de San Pedro hacia 2050<\/strong>, actualizando el <strong>c\u00f3digo de edificaci\u00f3n vigente<\/strong> y <strong>ordenando el crecimiento urbano<\/strong> en funci\u00f3n de las <strong>necesidades actuales y futuras<\/strong>.<\/p>\n\n\n\n<p>Una vez adjudicada, la <strong>empresa seleccionada<\/strong> deber\u00e1 cumplir con las <strong>etapas establecidas en el pliego<\/strong>, incluyendo la <strong>elaboraci\u00f3n de informes parciales<\/strong> que ser\u00e1n <strong>evaluados por la Secretar\u00eda de Obras y Servicios P\u00fablicos<\/strong>. Se estima que <strong>antes de octubre<\/strong> el <strong>proyecto ser\u00e1 elevado al Honorable Concejo Deliberante<\/strong> para su tratamiento.<\/p>\n\n\n\n<p><strong>#SanPedro2050 #DesarrolloTerritorial #PlanUrbano #Licitaci\u00f3n #ObrasP\u00fablicas #C\u00f3digoDeEdificaci\u00f3n #UrbanismoSustentable #ConcejoDeliberante<\/strong><\/p>\n\n\n\n<div class=\"wp-block-jetpack-slideshow aligncenter\" data-effect=\"slide\"><div class=\"wp-block-jetpack-slideshow_container swiper-container\"><ul class=\"wp-block-jetpack-slideshow_swiper-wrapper swiper-wrapper\"><li class=\"wp-block-jetpack-slideshow_slide swiper-slide\"><figure><img decoding=\"async\" width=\"946\" height=\"630\" alt=\"\" class=\"wp-block-jetpack-slideshow_image wp-image-139625 lazyload\" data-id=\"139625\" data-src=\"https:\/\/eldiariodesanpedro.com.ar\/sitio\/wp-content\/uploads\/2025\/04\/Imagen-de-WhatsApp-2025-04-28-a-las-13.46.44_b06b88cb.jpg\" data-srcset=\"https:\/\/eldiariodesanpedro.com.ar\/sitio\/wp-content\/uploads\/2025\/04\/Imagen-de-WhatsApp-2025-04-28-a-las-13.46.44_b06b88cb.jpg 946w, https:\/\/eldiariodesanpedro.com.ar\/sitio\/wp-content\/uploads\/2025\/04\/Imagen-de-WhatsApp-2025-04-28-a-las-13.46.44_b06b88cb-300x200.jpg 300w, https:\/\/eldiariodesanpedro.com.ar\/sitio\/wp-content\/uploads\/2025\/04\/Imagen-de-WhatsApp-2025-04-28-a-las-13.46.44_b06b88cb-768x511.jpg 768w\" data-sizes=\"(max-width: 946px) 100vw, 946px\" src=\"data:image\/svg+xml;base64,PHN2ZyB3aWR0aD0iMSIgaGVpZ2h0PSIxIiB4bWxucz0iaHR0cDovL3d3dy53My5vcmcvMjAwMC9zdmciPjwvc3ZnPg==\" style=\"--smush-placeholder-width: 946px; --smush-placeholder-aspect-ratio: 946\/630;\" \/><\/figure><\/li><li class=\"wp-block-jetpack-slideshow_slide swiper-slide\"><figure><img decoding=\"async\" width=\"946\" height=\"630\" alt=\"\" class=\"wp-block-jetpack-slideshow_image wp-image-139624 lazyload\" data-id=\"139624\" data-src=\"https:\/\/eldiariodesanpedro.com.ar\/sitio\/wp-content\/uploads\/2025\/04\/Imagen-de-WhatsApp-2025-04-28-a-las-13.46.43_82dc74f1.jpg\" data-srcset=\"https:\/\/eldiariodesanpedro.com.ar\/sitio\/wp-content\/uploads\/2025\/04\/Imagen-de-WhatsApp-2025-04-28-a-las-13.46.43_82dc74f1.jpg 946w, https:\/\/eldiariodesanpedro.com.ar\/sitio\/wp-content\/uploads\/2025\/04\/Imagen-de-WhatsApp-2025-04-28-a-las-13.46.43_82dc74f1-300x200.jpg 300w, https:\/\/eldiariodesanpedro.com.ar\/sitio\/wp-content\/uploads\/2025\/04\/Imagen-de-WhatsApp-2025-04-28-a-las-13.46.43_82dc74f1-768x511.jpg 768w\" data-sizes=\"(max-width: 946px) 100vw, 946px\" src=\"data:image\/svg+xml;base64,PHN2ZyB3aWR0aD0iMSIgaGVpZ2h0PSIxIiB4bWxucz0iaHR0cDovL3d3dy53My5vcmcvMjAwMC9zdmciPjwvc3ZnPg==\" style=\"--smush-placeholder-width: 946px; --smush-placeholder-aspect-ratio: 946\/630;\" \/><\/figure><\/li><li class=\"wp-block-jetpack-slideshow_slide swiper-slide\"><figure><img decoding=\"async\" width=\"946\" height=\"630\" alt=\"\" class=\"wp-block-jetpack-slideshow_image wp-image-139623 lazyload\" data-id=\"139623\" data-src=\"https:\/\/eldiariodesanpedro.com.ar\/sitio\/wp-content\/uploads\/2025\/04\/Imagen-de-WhatsApp-2025-04-28-a-las-13.46.43_80a3e06e.jpg\" data-srcset=\"https:\/\/eldiariodesanpedro.com.ar\/sitio\/wp-content\/uploads\/2025\/04\/Imagen-de-WhatsApp-2025-04-28-a-las-13.46.43_80a3e06e.jpg 946w, https:\/\/eldiariodesanpedro.com.ar\/sitio\/wp-content\/uploads\/2025\/04\/Imagen-de-WhatsApp-2025-04-28-a-las-13.46.43_80a3e06e-300x200.jpg 300w, https:\/\/eldiariodesanpedro.com.ar\/sitio\/wp-content\/uploads\/2025\/04\/Imagen-de-WhatsApp-2025-04-28-a-las-13.46.43_80a3e06e-768x511.jpg 768w\" data-sizes=\"(max-width: 946px) 100vw, 946px\" src=\"data:image\/svg+xml;base64,PHN2ZyB3aWR0aD0iMSIgaGVpZ2h0PSIxIiB4bWxucz0iaHR0cDovL3d3dy53My5vcmcvMjAwMC9zdmciPjwvc3ZnPg==\" style=\"--smush-placeholder-width: 946px; --smush-placeholder-aspect-ratio: 946\/630;\" \/><\/figure><\/li><li class=\"wp-block-jetpack-slideshow_slide swiper-slide\"><figure><img decoding=\"async\" width=\"946\" height=\"630\" alt=\"\" class=\"wp-block-jetpack-slideshow_image wp-image-139622 lazyload\" data-id=\"139622\" data-src=\"https:\/\/eldiariodesanpedro.com.ar\/sitio\/wp-content\/uploads\/2025\/04\/Imagen-de-WhatsApp-2025-04-28-a-las-13.46.42_4400282d.jpg\" data-srcset=\"https:\/\/eldiariodesanpedro.com.ar\/sitio\/wp-content\/uploads\/2025\/04\/Imagen-de-WhatsApp-2025-04-28-a-las-13.46.42_4400282d.jpg 946w, https:\/\/eldiariodesanpedro.com.ar\/sitio\/wp-content\/uploads\/2025\/04\/Imagen-de-WhatsApp-2025-04-28-a-las-13.46.42_4400282d-300x200.jpg 300w, https:\/\/eldiariodesanpedro.com.ar\/sitio\/wp-content\/uploads\/2025\/04\/Imagen-de-WhatsApp-2025-04-28-a-las-13.46.42_4400282d-768x511.jpg 768w\" data-sizes=\"(max-width: 946px) 100vw, 946px\" src=\"data:image\/svg+xml;base64,PHN2ZyB3aWR0aD0iMSIgaGVpZ2h0PSIxIiB4bWxucz0iaHR0cDovL3d3dy53My5vcmcvMjAwMC9zdmciPjwvc3ZnPg==\" style=\"--smush-placeholder-width: 946px; --smush-placeholder-aspect-ratio: 946\/630;\" \/><\/figure><\/li><\/ul><a class=\"wp-block-jetpack-slideshow_button-prev swiper-button-prev swiper-button-white\" role=\"button\"><\/a><a class=\"wp-block-jetpack-slideshow_button-next swiper-button-next swiper-button-white\" role=\"button\"><\/a><a aria-label=\"Pause Slideshow\" class=\"wp-block-jetpack-slideshow_button-pause\" role=\"button\"><\/a><div class=\"wp-block-jetpack-slideshow_pagination swiper-pagination swiper-pagination-white\"><\/div><\/div><\/div>\n","protected":false},"excerpt":{"rendered":"<p>Esta ma\u00f1ana, en la Secretar\u00eda de Econom\u00eda y Hacienda, se llev\u00f3 a cabo la apertura de sobres correspondiente a la licitaci\u00f3n privada para la contrataci\u00f3n del desarrollo territorial y el dise\u00f1o del nuevo plan urban\u00edstico de la ciudad de San Pedro. Del acto participaron el Secretario de Econom\u00eda y Hacienda, Roberto Borgo; el Secretario de [&hellip;]<\/p>\n","protected":false},"author":4,"featured_media":139624,"comment_status":"closed","ping_status":"closed","sticky":false,"template":"","format":"standard","meta":{"om_disable_all_campaigns":false,"_jetpack_memberships_contains_paid_content":false,"footnotes":""},"categories":[50,101,2],"tags":[],"class_list":["post-139621","post","type-post","status-publish","format-standard","has-post-thumbnail","hentry","category-destacadas","category-interes-general-locales","category-locales"],"aioseo_notices":[],"gutentor_comment":0,"jetpack_featured_media_url":"https:\/\/eldiariodesanpedro.com.ar\/sitio\/wp-content\/uploads\/2025\/04\/Imagen-de-WhatsApp-2025-04-28-a-las-13.46.43_82dc74f1.jpg","jetpack_shortlink":"https:\/\/wp.me\/p6RhLt-AjX","jetpack_sharing_enabled":true,"_links":{"self":[{"href":"https:\/\/eldiariodesanpedro.com.ar\/sitio\/wp-json\/wp\/v2\/posts\/139621","targetHints":{"allow":["GET"]}}],"collection":[{"href":"https:\/\/eldiariodesanpedro.com.ar\/sitio\/wp-json\/wp\/v2\/posts"}],"about":[{"href":"https:\/\/eldiariodesanpedro.com.ar\/sitio\/wp-json\/wp\/v2\/types\/post"}],"author":[{"embeddable":true,"href":"https:\/\/eldiariodesanpedro.com.ar\/sitio\/wp-json\/wp\/v2\/users\/4"}],"replies":[{"embeddable":true,"href":"https:\/\/eldiariodesanpedro.com.ar\/sitio\/wp-json\/wp\/v2\/comments?post=139621"}],"version-history":[{"count":1,"href":"https:\/\/eldiariodesanpedro.com.ar\/sitio\/wp-json\/wp\/v2\/posts\/139621\/revisions"}],"predecessor-version":[{"id":139626,"href":"https:\/\/eldiariodesanpedro.com.ar\/sitio\/wp-json\/wp\/v2\/posts\/139621\/revisions\/139626"}],"wp:featuredmedia":[{"embeddable":true,"href":"https:\/\/eldiariodesanpedro.com.ar\/sitio\/wp-json\/wp\/v2\/media\/139624"}],"wp:attachment":[{"href":"https:\/\/eldiariodesanpedro.com.ar\/sitio\/wp-json\/wp\/v2\/media?parent=139621"}],"wp:term":[{"taxonomy":"category","embeddable":true,"href":"https:\/\/eldiariodesanpedro.com.ar\/sitio\/wp-json\/wp\/v2\/categories?post=139621"},{"taxonomy":"post_tag","embeddable":true,"href":"https:\/\/eldiariodesanpedro.com.ar\/sitio\/wp-json\/wp\/v2\/tags?post=139621"}],"curies":[{"name":"wp","href":"https:\/\/api.w.org\/{rel}","templated":true}]}}