{"id":139616,"date":"2025-04-28T16:27:11","date_gmt":"2025-04-28T19:27:11","guid":{"rendered":"https:\/\/eldiariodesanpedro.com.ar\/sitio\/?p=139616"},"modified":"2025-04-28T16:27:16","modified_gmt":"2025-04-28T19:27:16","slug":"segunda-jornada-de-plantacion-de-especies-nativas-en-el-dia-de-la-tierra","status":"publish","type":"post","link":"https:\/\/eldiariodesanpedro.com.ar\/sitio\/segunda-jornada-de-plantacion-de-especies-nativas-en-el-dia-de-la-tierra\/","title":{"rendered":"Segunda jornada de plantaci\u00f3n de especies nativas en el D\u00eda de la Tierra"},"content":{"rendered":"<!-- VideographyWP Plugin Message: Automatic video embedding prevented by plugin options. -->\n\n<p>En el marco de las celebraciones por el <strong>D\u00eda de la Tierra<\/strong>, se llev\u00f3 a cabo la <strong>segunda jornada de plantaci\u00f3n de especies nativas<\/strong> con el objetivo de continuar la <strong>restauraci\u00f3n de los ecosistemas<\/strong> del <strong>Delta e Islas del Paran\u00e1<\/strong>. Estos ecosistemas comprenden ambientes como la <strong>selva en galer\u00eda<\/strong>, <strong>albardones costeros<\/strong> y <strong>bajos inundables<\/strong>. La actividad tuvo lugar en el <strong>Paseo P\u00fablico 1<\/strong>, sobre la costa de la ciudad.<\/p>\n\n\n\n<p>La jornada se sum\u00f3 a diversas plantaciones realizadas desde 2017, con la participaci\u00f3n de <strong>escuelas, organizaciones<\/strong>, agrupaciones y la comunidad en general. Un recorrido por los senderos permiti\u00f3 apreciar los resultados de estas acciones, donde hoy se pueden observar especies como <strong>ceibos<\/strong>, <strong>espinillos<\/strong>, <strong>barba de chivo<\/strong>, <strong>sauces<\/strong>, <strong>alisos<\/strong> y <strong>chilcas<\/strong>, muchos de ellos provenientes de las plantaciones anteriores y otros que han crecido espont\u00e1neamente gracias a la <strong>regeneraci\u00f3n natural<\/strong> favorecida por el entorno.<\/p>\n\n\n\n<p>Los participantes tuvieron la oportunidad de conocer m\u00e1s acerca de la <strong>rica biodiversidad<\/strong> presente en el \u00e1rea, rodeada por las <strong>barrancas<\/strong> y el <strong>delta del Paran\u00e1<\/strong>. Este ambiente se caracteriza por la <strong>variedad de \u00e1rboles, arbustos<\/strong>, herb\u00e1ceas, enredaderas, flores, aves, mariposas y la presencia de sombra y agua, as\u00ed como de plantas palustres y aves acu\u00e1ticas.<\/p>\n\n\n\n<p>Este a\u00f1o, la actividad cobr\u00f3 un <strong>significado especial<\/strong> al llevarse a cabo de manera <strong>coparticipativa<\/strong> con la <strong>Municipalidad de San Pedro<\/strong>. Autoridades locales se sumaron a la plantaci\u00f3n, escuchando atentamente y colaborando en la actividad. Desde la organizaci\u00f3n, se destac\u00f3 la importancia de <strong>\u00abconocer para valorar y cuidar\u00bb<\/strong>, reafirmando el compromiso con el medio ambiente, iniciado hace ya ocho a\u00f1os en favor del ambiente sampedrino.<\/p>\n\n\n\n<p>En esta jornada, se plantaron especies nativas producidas en el <strong>Vivero Municipal de Vuelta de Obligado<\/strong>, distribuidas en varios sitios del Paseo P\u00fablico 1. La plantaci\u00f3n incluy\u00f3:<\/p>\n\n\n\n<ul class=\"wp-block-list\">\n<li><strong>Sitio 1<\/strong>: 1 Espinillo, 1 Ceibo, 1 Anacahuita, 1 Cortadera.<\/li>\n\n\n\n<li><strong>Sitio 2<\/strong>: 2 Cina cina, 2 Espinillos, 2 Rama negra, 2 Cortaderas, 1 Mimosa.<\/li>\n\n\n\n<li><strong>Sitio 3<\/strong>: 1 Espinillo, 2 Ceibos, 2 Anacahuita, 3 Rama negra, 1 Mimosa, 3 Flor de papagayo.<\/li>\n<\/ul>\n\n\n\n<p>La <strong>iniciativa de restauraci\u00f3n<\/strong> continuar\u00e1 el <strong>mi\u00e9rcoles 30 de abril<\/strong> a las 10 horas en la <strong>Barranca<\/strong>, sector Aduana, con una nueva jornada de plantaci\u00f3n junto a <strong>escuelas<\/strong> y la comunidad en general.<\/p>\n\n\n\n<p><strong>#D\u00edaDeLaTierra #Restauraci\u00f3nEcol\u00f3gica #Biodiversidad #EcosistemasNativos #DeltaParan\u00e1 #SanPedro #PlantasNativas #CuidadoDelMedioAmbiente<\/strong><\/p>\n\n\n\n<div class=\"wp-block-jetpack-slideshow aligncenter\" data-effect=\"slide\"><div class=\"wp-block-jetpack-slideshow_container swiper-container\"><ul class=\"wp-block-jetpack-slideshow_swiper-wrapper swiper-wrapper\"><li class=\"wp-block-jetpack-slideshow_slide swiper-slide\"><figure><img decoding=\"async\" width=\"945\" height=\"630\" alt=\"\" class=\"wp-block-jetpack-slideshow_image wp-image-139619 lazyload\" data-id=\"139619\" data-src=\"https:\/\/eldiariodesanpedro.com.ar\/sitio\/wp-content\/uploads\/2025\/04\/494512986_1096748875821492_8566945001872875986_n.jpg\" data-srcset=\"https:\/\/eldiariodesanpedro.com.ar\/sitio\/wp-content\/uploads\/2025\/04\/494512986_1096748875821492_8566945001872875986_n.jpg 945w, https:\/\/eldiariodesanpedro.com.ar\/sitio\/wp-content\/uploads\/2025\/04\/494512986_1096748875821492_8566945001872875986_n-300x200.jpg 300w, https:\/\/eldiariodesanpedro.com.ar\/sitio\/wp-content\/uploads\/2025\/04\/494512986_1096748875821492_8566945001872875986_n-768x512.jpg 768w\" data-sizes=\"(max-width: 945px) 100vw, 945px\" src=\"data:image\/svg+xml;base64,PHN2ZyB3aWR0aD0iMSIgaGVpZ2h0PSIxIiB4bWxucz0iaHR0cDovL3d3dy53My5vcmcvMjAwMC9zdmciPjwvc3ZnPg==\" style=\"--smush-placeholder-width: 945px; --smush-placeholder-aspect-ratio: 945\/630;\" \/><\/figure><\/li><li class=\"wp-block-jetpack-slideshow_slide swiper-slide\"><figure><img decoding=\"async\" width=\"945\" height=\"630\" alt=\"\" class=\"wp-block-jetpack-slideshow_image wp-image-139618 lazyload\" data-id=\"139618\" data-src=\"https:\/\/eldiariodesanpedro.com.ar\/sitio\/wp-content\/uploads\/2025\/04\/493106233_1096749612488085_8710230123047735469_n.jpg\" data-srcset=\"https:\/\/eldiariodesanpedro.com.ar\/sitio\/wp-content\/uploads\/2025\/04\/493106233_1096749612488085_8710230123047735469_n.jpg 945w, https:\/\/eldiariodesanpedro.com.ar\/sitio\/wp-content\/uploads\/2025\/04\/493106233_1096749612488085_8710230123047735469_n-300x200.jpg 300w, https:\/\/eldiariodesanpedro.com.ar\/sitio\/wp-content\/uploads\/2025\/04\/493106233_1096749612488085_8710230123047735469_n-768x512.jpg 768w\" data-sizes=\"(max-width: 945px) 100vw, 945px\" src=\"data:image\/svg+xml;base64,PHN2ZyB3aWR0aD0iMSIgaGVpZ2h0PSIxIiB4bWxucz0iaHR0cDovL3d3dy53My5vcmcvMjAwMC9zdmciPjwvc3ZnPg==\" style=\"--smush-placeholder-width: 945px; --smush-placeholder-aspect-ratio: 945\/630;\" \/><\/figure><\/li><li class=\"wp-block-jetpack-slideshow_slide swiper-slide\"><figure><img decoding=\"async\" width=\"945\" height=\"630\" alt=\"\" class=\"wp-block-jetpack-slideshow_image wp-image-139617 lazyload\" data-id=\"139617\" data-src=\"https:\/\/eldiariodesanpedro.com.ar\/sitio\/wp-content\/uploads\/2025\/04\/492650872_1096749175821462_2079854825940346486_n.jpg\" data-srcset=\"https:\/\/eldiariodesanpedro.com.ar\/sitio\/wp-content\/uploads\/2025\/04\/492650872_1096749175821462_2079854825940346486_n.jpg 945w, https:\/\/eldiariodesanpedro.com.ar\/sitio\/wp-content\/uploads\/2025\/04\/492650872_1096749175821462_2079854825940346486_n-300x200.jpg 300w, https:\/\/eldiariodesanpedro.com.ar\/sitio\/wp-content\/uploads\/2025\/04\/492650872_1096749175821462_2079854825940346486_n-768x512.jpg 768w\" data-sizes=\"(max-width: 945px) 100vw, 945px\" src=\"data:image\/svg+xml;base64,PHN2ZyB3aWR0aD0iMSIgaGVpZ2h0PSIxIiB4bWxucz0iaHR0cDovL3d3dy53My5vcmcvMjAwMC9zdmciPjwvc3ZnPg==\" style=\"--smush-placeholder-width: 945px; --smush-placeholder-aspect-ratio: 945\/630;\" \/><\/figure><\/li><\/ul><a class=\"wp-block-jetpack-slideshow_button-prev swiper-button-prev swiper-button-white\" role=\"button\"><\/a><a class=\"wp-block-jetpack-slideshow_button-next swiper-button-next swiper-button-white\" role=\"button\"><\/a><a aria-label=\"Pause Slideshow\" class=\"wp-block-jetpack-slideshow_button-pause\" role=\"button\"><\/a><div class=\"wp-block-jetpack-slideshow_pagination swiper-pagination swiper-pagination-white\"><\/div><\/div><\/div>\n","protected":false},"excerpt":{"rendered":"<p>En el marco de las celebraciones por el D\u00eda de la Tierra, se llev\u00f3 a cabo la segunda jornada de plantaci\u00f3n de especies nativas con el objetivo de continuar la restauraci\u00f3n de los ecosistemas del Delta e Islas del Paran\u00e1. Estos ecosistemas comprenden ambientes como la selva en galer\u00eda, albardones costeros y bajos inundables. La [&hellip;]<\/p>\n","protected":false},"author":4,"featured_media":139617,"comment_status":"closed","ping_status":"closed","sticky":false,"template":"","format":"standard","meta":{"om_disable_all_campaigns":false,"_jetpack_memberships_contains_paid_content":false,"footnotes":""},"categories":[2],"tags":[],"class_list":["post-139616","post","type-post","status-publish","format-standard","has-post-thumbnail","hentry","category-locales"],"aioseo_notices":[],"gutentor_comment":0,"jetpack_featured_media_url":"https:\/\/eldiariodesanpedro.com.ar\/sitio\/wp-content\/uploads\/2025\/04\/492650872_1096749175821462_2079854825940346486_n.jpg","jetpack_shortlink":"https:\/\/wp.me\/p6RhLt-AjS","jetpack_sharing_enabled":true,"_links":{"self":[{"href":"https:\/\/eldiariodesanpedro.com.ar\/sitio\/wp-json\/wp\/v2\/posts\/139616","targetHints":{"allow":["GET"]}}],"collection":[{"href":"https:\/\/eldiariodesanpedro.com.ar\/sitio\/wp-json\/wp\/v2\/posts"}],"about":[{"href":"https:\/\/eldiariodesanpedro.com.ar\/sitio\/wp-json\/wp\/v2\/types\/post"}],"author":[{"embeddable":true,"href":"https:\/\/eldiariodesanpedro.com.ar\/sitio\/wp-json\/wp\/v2\/users\/4"}],"replies":[{"embeddable":true,"href":"https:\/\/eldiariodesanpedro.com.ar\/sitio\/wp-json\/wp\/v2\/comments?post=139616"}],"version-history":[{"count":1,"href":"https:\/\/eldiariodesanpedro.com.ar\/sitio\/wp-json\/wp\/v2\/posts\/139616\/revisions"}],"predecessor-version":[{"id":139620,"href":"https:\/\/eldiariodesanpedro.com.ar\/sitio\/wp-json\/wp\/v2\/posts\/139616\/revisions\/139620"}],"wp:featuredmedia":[{"embeddable":true,"href":"https:\/\/eldiariodesanpedro.com.ar\/sitio\/wp-json\/wp\/v2\/media\/139617"}],"wp:attachment":[{"href":"https:\/\/eldiariodesanpedro.com.ar\/sitio\/wp-json\/wp\/v2\/media?parent=139616"}],"wp:term":[{"taxonomy":"category","embeddable":true,"href":"https:\/\/eldiariodesanpedro.com.ar\/sitio\/wp-json\/wp\/v2\/categories?post=139616"},{"taxonomy":"post_tag","embeddable":true,"href":"https:\/\/eldiariodesanpedro.com.ar\/sitio\/wp-json\/wp\/v2\/tags?post=139616"}],"curies":[{"name":"wp","href":"https:\/\/api.w.org\/{rel}","templated":true}]}}