{"id":139609,"date":"2025-04-28T11:37:53","date_gmt":"2025-04-28T14:37:53","guid":{"rendered":"https:\/\/eldiariodesanpedro.com.ar\/sitio\/?p=139609"},"modified":"2025-04-28T11:37:57","modified_gmt":"2025-04-28T14:37:57","slug":"jornada-de-vacunacion-para-adultos-mayores","status":"publish","type":"post","link":"https:\/\/eldiariodesanpedro.com.ar\/sitio\/jornada-de-vacunacion-para-adultos-mayores\/","title":{"rendered":"Jornada de vacunaci\u00f3n para adultos mayores"},"content":{"rendered":"<!-- VideographyWP Plugin Message: Automatic video embedding prevented by plugin options. -->\n\n<p>Esta ma\u00f1ana, en la <strong>Direcci\u00f3n de Adultos Mayores<\/strong>, dependiente de la <strong>Secretar\u00eda de Desarrollo de la Comunidad<\/strong>, se llev\u00f3 a cabo una <strong>jornada de vacunaci\u00f3n<\/strong> articulada con la <strong>Secretar\u00eda de Salud<\/strong>. Durante la actividad, se aplicaron <strong>dosis de vacunas contra la gripe y el COVID-19<\/strong>, como parte de las acciones de <strong>prevenci\u00f3n y cuidado de la salud<\/strong> dirigidas a la poblaci\u00f3n <strong>adulta mayor<\/strong>.<\/p>\n\n\n\n<p>#Vacunaci\u00f3n #Salud #Prevenci\u00f3n #AdultosMayores #Gripe #COVID19 #CuidadoDeLaSalud<\/p>\n\n\n\n<div class=\"wp-block-jetpack-slideshow aligncenter\" data-effect=\"slide\"><div class=\"wp-block-jetpack-slideshow_container swiper-container\"><ul class=\"wp-block-jetpack-slideshow_swiper-wrapper swiper-wrapper\"><li class=\"wp-block-jetpack-slideshow_slide swiper-slide\"><figure><img decoding=\"async\" width=\"840\" height=\"630\" alt=\"\" class=\"wp-block-jetpack-slideshow_image wp-image-139614 lazyload\" data-id=\"139614\" data-src=\"https:\/\/eldiariodesanpedro.com.ar\/sitio\/wp-content\/uploads\/2025\/04\/Imagen-de-WhatsApp-2025-04-28-a-las-10.57.12_94f3317a.jpg\" data-srcset=\"https:\/\/eldiariodesanpedro.com.ar\/sitio\/wp-content\/uploads\/2025\/04\/Imagen-de-WhatsApp-2025-04-28-a-las-10.57.12_94f3317a.jpg 840w, https:\/\/eldiariodesanpedro.com.ar\/sitio\/wp-content\/uploads\/2025\/04\/Imagen-de-WhatsApp-2025-04-28-a-las-10.57.12_94f3317a-300x225.jpg 300w, https:\/\/eldiariodesanpedro.com.ar\/sitio\/wp-content\/uploads\/2025\/04\/Imagen-de-WhatsApp-2025-04-28-a-las-10.57.12_94f3317a-768x576.jpg 768w, https:\/\/eldiariodesanpedro.com.ar\/sitio\/wp-content\/uploads\/2025\/04\/Imagen-de-WhatsApp-2025-04-28-a-las-10.57.12_94f3317a-272x204.jpg 272w\" data-sizes=\"(max-width: 840px) 100vw, 840px\" src=\"data:image\/svg+xml;base64,PHN2ZyB3aWR0aD0iMSIgaGVpZ2h0PSIxIiB4bWxucz0iaHR0cDovL3d3dy53My5vcmcvMjAwMC9zdmciPjwvc3ZnPg==\" style=\"--smush-placeholder-width: 840px; --smush-placeholder-aspect-ratio: 840\/630;\" \/><\/figure><\/li><li class=\"wp-block-jetpack-slideshow_slide swiper-slide\"><figure><img decoding=\"async\" width=\"840\" height=\"630\" alt=\"\" class=\"wp-block-jetpack-slideshow_image wp-image-139613 lazyload\" data-id=\"139613\" data-src=\"https:\/\/eldiariodesanpedro.com.ar\/sitio\/wp-content\/uploads\/2025\/04\/Imagen-de-WhatsApp-2025-04-28-a-las-10.57.12_0f5d8451.jpg\" data-srcset=\"https:\/\/eldiariodesanpedro.com.ar\/sitio\/wp-content\/uploads\/2025\/04\/Imagen-de-WhatsApp-2025-04-28-a-las-10.57.12_0f5d8451.jpg 840w, https:\/\/eldiariodesanpedro.com.ar\/sitio\/wp-content\/uploads\/2025\/04\/Imagen-de-WhatsApp-2025-04-28-a-las-10.57.12_0f5d8451-300x225.jpg 300w, https:\/\/eldiariodesanpedro.com.ar\/sitio\/wp-content\/uploads\/2025\/04\/Imagen-de-WhatsApp-2025-04-28-a-las-10.57.12_0f5d8451-768x576.jpg 768w, https:\/\/eldiariodesanpedro.com.ar\/sitio\/wp-content\/uploads\/2025\/04\/Imagen-de-WhatsApp-2025-04-28-a-las-10.57.12_0f5d8451-272x204.jpg 272w\" data-sizes=\"(max-width: 840px) 100vw, 840px\" src=\"data:image\/svg+xml;base64,PHN2ZyB3aWR0aD0iMSIgaGVpZ2h0PSIxIiB4bWxucz0iaHR0cDovL3d3dy53My5vcmcvMjAwMC9zdmciPjwvc3ZnPg==\" style=\"--smush-placeholder-width: 840px; --smush-placeholder-aspect-ratio: 840\/630;\" \/><\/figure><\/li><li class=\"wp-block-jetpack-slideshow_slide swiper-slide\"><figure><img decoding=\"async\" width=\"840\" height=\"630\" alt=\"\" class=\"wp-block-jetpack-slideshow_image wp-image-139612 lazyload\" data-id=\"139612\" data-src=\"https:\/\/eldiariodesanpedro.com.ar\/sitio\/wp-content\/uploads\/2025\/04\/Imagen-de-WhatsApp-2025-04-28-a-las-10.57.11_c24c43a3.jpg\" data-srcset=\"https:\/\/eldiariodesanpedro.com.ar\/sitio\/wp-content\/uploads\/2025\/04\/Imagen-de-WhatsApp-2025-04-28-a-las-10.57.11_c24c43a3.jpg 840w, https:\/\/eldiariodesanpedro.com.ar\/sitio\/wp-content\/uploads\/2025\/04\/Imagen-de-WhatsApp-2025-04-28-a-las-10.57.11_c24c43a3-300x225.jpg 300w, https:\/\/eldiariodesanpedro.com.ar\/sitio\/wp-content\/uploads\/2025\/04\/Imagen-de-WhatsApp-2025-04-28-a-las-10.57.11_c24c43a3-768x576.jpg 768w, https:\/\/eldiariodesanpedro.com.ar\/sitio\/wp-content\/uploads\/2025\/04\/Imagen-de-WhatsApp-2025-04-28-a-las-10.57.11_c24c43a3-272x204.jpg 272w\" data-sizes=\"(max-width: 840px) 100vw, 840px\" src=\"data:image\/svg+xml;base64,PHN2ZyB3aWR0aD0iMSIgaGVpZ2h0PSIxIiB4bWxucz0iaHR0cDovL3d3dy53My5vcmcvMjAwMC9zdmciPjwvc3ZnPg==\" style=\"--smush-placeholder-width: 840px; --smush-placeholder-aspect-ratio: 840\/630;\" \/><\/figure><\/li><li class=\"wp-block-jetpack-slideshow_slide swiper-slide\"><figure><img decoding=\"async\" width=\"473\" height=\"630\" alt=\"\" class=\"wp-block-jetpack-slideshow_image wp-image-139611 lazyload\" data-id=\"139611\" data-src=\"https:\/\/eldiariodesanpedro.com.ar\/sitio\/wp-content\/uploads\/2025\/04\/Imagen-de-WhatsApp-2025-04-28-a-las-10.57.11_3b66ed9c.jpg\" data-srcset=\"https:\/\/eldiariodesanpedro.com.ar\/sitio\/wp-content\/uploads\/2025\/04\/Imagen-de-WhatsApp-2025-04-28-a-las-10.57.11_3b66ed9c.jpg 473w, https:\/\/eldiariodesanpedro.com.ar\/sitio\/wp-content\/uploads\/2025\/04\/Imagen-de-WhatsApp-2025-04-28-a-las-10.57.11_3b66ed9c-225x300.jpg 225w\" data-sizes=\"(max-width: 473px) 100vw, 473px\" src=\"data:image\/svg+xml;base64,PHN2ZyB3aWR0aD0iMSIgaGVpZ2h0PSIxIiB4bWxucz0iaHR0cDovL3d3dy53My5vcmcvMjAwMC9zdmciPjwvc3ZnPg==\" style=\"--smush-placeholder-width: 473px; --smush-placeholder-aspect-ratio: 473\/630;\" \/><\/figure><\/li><\/ul><a class=\"wp-block-jetpack-slideshow_button-prev swiper-button-prev swiper-button-white\" role=\"button\"><\/a><a class=\"wp-block-jetpack-slideshow_button-next swiper-button-next swiper-button-white\" role=\"button\"><\/a><a aria-label=\"Pause Slideshow\" class=\"wp-block-jetpack-slideshow_button-pause\" role=\"button\"><\/a><div class=\"wp-block-jetpack-slideshow_pagination swiper-pagination swiper-pagination-white\"><\/div><\/div><\/div>\n","protected":false},"excerpt":{"rendered":"<p>Esta ma\u00f1ana, en la Direcci\u00f3n de Adultos Mayores, dependiente de la Secretar\u00eda de Desarrollo de la Comunidad, se llev\u00f3 a cabo una jornada de vacunaci\u00f3n articulada con la Secretar\u00eda de Salud. Durante la actividad, se aplicaron dosis de vacunas contra la gripe y el COVID-19, como parte de las acciones de prevenci\u00f3n y cuidado de [&hellip;]<\/p>\n","protected":false},"author":4,"featured_media":139610,"comment_status":"closed","ping_status":"closed","sticky":false,"template":"","format":"standard","meta":{"om_disable_all_campaigns":false,"_jetpack_memberships_contains_paid_content":false,"footnotes":""},"categories":[101,2],"tags":[],"class_list":["post-139609","post","type-post","status-publish","format-standard","has-post-thumbnail","hentry","category-interes-general-locales","category-locales"],"aioseo_notices":[],"gutentor_comment":0,"jetpack_featured_media_url":"https:\/\/eldiariodesanpedro.com.ar\/sitio\/wp-content\/uploads\/2025\/04\/medida-4-1.jpg","jetpack_shortlink":"https:\/\/wp.me\/p6RhLt-AjL","jetpack_sharing_enabled":true,"_links":{"self":[{"href":"https:\/\/eldiariodesanpedro.com.ar\/sitio\/wp-json\/wp\/v2\/posts\/139609","targetHints":{"allow":["GET"]}}],"collection":[{"href":"https:\/\/eldiariodesanpedro.com.ar\/sitio\/wp-json\/wp\/v2\/posts"}],"about":[{"href":"https:\/\/eldiariodesanpedro.com.ar\/sitio\/wp-json\/wp\/v2\/types\/post"}],"author":[{"embeddable":true,"href":"https:\/\/eldiariodesanpedro.com.ar\/sitio\/wp-json\/wp\/v2\/users\/4"}],"replies":[{"embeddable":true,"href":"https:\/\/eldiariodesanpedro.com.ar\/sitio\/wp-json\/wp\/v2\/comments?post=139609"}],"version-history":[{"count":1,"href":"https:\/\/eldiariodesanpedro.com.ar\/sitio\/wp-json\/wp\/v2\/posts\/139609\/revisions"}],"predecessor-version":[{"id":139615,"href":"https:\/\/eldiariodesanpedro.com.ar\/sitio\/wp-json\/wp\/v2\/posts\/139609\/revisions\/139615"}],"wp:featuredmedia":[{"embeddable":true,"href":"https:\/\/eldiariodesanpedro.com.ar\/sitio\/wp-json\/wp\/v2\/media\/139610"}],"wp:attachment":[{"href":"https:\/\/eldiariodesanpedro.com.ar\/sitio\/wp-json\/wp\/v2\/media?parent=139609"}],"wp:term":[{"taxonomy":"category","embeddable":true,"href":"https:\/\/eldiariodesanpedro.com.ar\/sitio\/wp-json\/wp\/v2\/categories?post=139609"},{"taxonomy":"post_tag","embeddable":true,"href":"https:\/\/eldiariodesanpedro.com.ar\/sitio\/wp-json\/wp\/v2\/tags?post=139609"}],"curies":[{"name":"wp","href":"https:\/\/api.w.org\/{rel}","templated":true}]}}