{"id":139606,"date":"2025-04-28T11:23:18","date_gmt":"2025-04-28T14:23:18","guid":{"rendered":"https:\/\/eldiariodesanpedro.com.ar\/sitio\/?p=139606"},"modified":"2025-04-28T11:23:24","modified_gmt":"2025-04-28T14:23:24","slug":"emotiva-despedida-del-sacerdote-sampedrino-al-papa-francisco-mision-cumplida-santo-padre","status":"publish","type":"post","link":"https:\/\/eldiariodesanpedro.com.ar\/sitio\/emotiva-despedida-del-sacerdote-sampedrino-al-papa-francisco-mision-cumplida-santo-padre\/","title":{"rendered":"Emotiva despedida del sacerdote sampedrino al Papa Francisco: \u00abMisi\u00f3n cumplida, Santo Padre\u00bb"},"content":{"rendered":"<!-- VideographyWP Plugin Message: Automatic video embedding prevented by plugin options. -->\n\n<p>El sacerdote <strong>Juan Cruz Villal\u00f3n<\/strong>, oriundo de San Pedro, se despidi\u00f3 del <strong>Papa Francisco<\/strong> con un mensaje profundamente emotivo, destacando la relaci\u00f3n de amistad que manten\u00edan. A trav\u00e9s de sus redes sociales, Villal\u00f3n public\u00f3 un mensaje cargado de emoci\u00f3n y respeto: \u00ab<strong>Misi\u00f3n cumplida, Santo Padre, buon viaggio y arrivederci<\/strong>\u00ab, destacando el v\u00ednculo especial con el pont\u00edfice argentino.<\/p>\n\n\n\n<p>Villal\u00f3n, quien desempe\u00f1\u00f3 el cargo de <strong>secretario privado del Papa Francisco<\/strong> durante los \u00faltimos dos a\u00f1os, fue una figura clave en los momentos m\u00e1s delicados del Papa. Estuvo a su lado <strong>durante su internaci\u00f3n<\/strong> y acompa\u00f1\u00f3 al Pont\u00edfice hasta su \u00faltimo suspiro.<\/p>\n\n\n\n<p>El viernes pasado, una imagen <strong>emocionante<\/strong> dio la vuelta al mundo cuando fue captado despidi\u00e9ndose del Papa con el <strong>caj\u00f3n a\u00fan abierto<\/strong>, un gesto lleno de respeto y fraternidad. Al d\u00eda siguiente, cuando el cuerpo del Papa Francisco comenz\u00f3 su trayecto hacia su sepultura, Villal\u00f3n comparti\u00f3 nuevamente su dolor en redes sociales, manteniendo la misma <strong>comunicaci\u00f3n respetuosa<\/strong> y sobria que lo caracteriz\u00f3 durante todo su tiempo junto al Pont\u00edfice.<\/p>\n\n\n\n<p>#DespedidaEmotiva #JuanCruzVillal\u00f3n #PapaFrancisco #Misi\u00f3nCumplida #SantoPadre #AmistadYRespeto #SanPedro #DespedidaAlPapa #Emoci\u00f3nYRespeto<\/p>\n","protected":false},"excerpt":{"rendered":"<p>El sacerdote Juan Cruz Villal\u00f3n, oriundo de San Pedro, se despidi\u00f3 del Papa Francisco con un mensaje profundamente emotivo, destacando la relaci\u00f3n de amistad que manten\u00edan. A trav\u00e9s de sus redes sociales, Villal\u00f3n public\u00f3 un mensaje cargado de emoci\u00f3n y respeto: \u00abMisi\u00f3n cumplida, Santo Padre, buon viaggio y arrivederci\u00ab, destacando el v\u00ednculo especial con el [&hellip;]<\/p>\n","protected":false},"author":4,"featured_media":139607,"comment_status":"closed","ping_status":"closed","sticky":false,"template":"","format":"standard","meta":{"om_disable_all_campaigns":false,"_jetpack_memberships_contains_paid_content":false,"footnotes":""},"categories":[50,101,2],"tags":[],"class_list":["post-139606","post","type-post","status-publish","format-standard","has-post-thumbnail","hentry","category-destacadas","category-interes-general-locales","category-locales"],"aioseo_notices":[],"gutentor_comment":0,"jetpack_featured_media_url":"https:\/\/eldiariodesanpedro.com.ar\/sitio\/wp-content\/uploads\/2025\/04\/Villalon-1.jpg","jetpack_shortlink":"https:\/\/wp.me\/p6RhLt-AjI","jetpack_sharing_enabled":true,"_links":{"self":[{"href":"https:\/\/eldiariodesanpedro.com.ar\/sitio\/wp-json\/wp\/v2\/posts\/139606","targetHints":{"allow":["GET"]}}],"collection":[{"href":"https:\/\/eldiariodesanpedro.com.ar\/sitio\/wp-json\/wp\/v2\/posts"}],"about":[{"href":"https:\/\/eldiariodesanpedro.com.ar\/sitio\/wp-json\/wp\/v2\/types\/post"}],"author":[{"embeddable":true,"href":"https:\/\/eldiariodesanpedro.com.ar\/sitio\/wp-json\/wp\/v2\/users\/4"}],"replies":[{"embeddable":true,"href":"https:\/\/eldiariodesanpedro.com.ar\/sitio\/wp-json\/wp\/v2\/comments?post=139606"}],"version-history":[{"count":1,"href":"https:\/\/eldiariodesanpedro.com.ar\/sitio\/wp-json\/wp\/v2\/posts\/139606\/revisions"}],"predecessor-version":[{"id":139608,"href":"https:\/\/eldiariodesanpedro.com.ar\/sitio\/wp-json\/wp\/v2\/posts\/139606\/revisions\/139608"}],"wp:featuredmedia":[{"embeddable":true,"href":"https:\/\/eldiariodesanpedro.com.ar\/sitio\/wp-json\/wp\/v2\/media\/139607"}],"wp:attachment":[{"href":"https:\/\/eldiariodesanpedro.com.ar\/sitio\/wp-json\/wp\/v2\/media?parent=139606"}],"wp:term":[{"taxonomy":"category","embeddable":true,"href":"https:\/\/eldiariodesanpedro.com.ar\/sitio\/wp-json\/wp\/v2\/categories?post=139606"},{"taxonomy":"post_tag","embeddable":true,"href":"https:\/\/eldiariodesanpedro.com.ar\/sitio\/wp-json\/wp\/v2\/tags?post=139606"}],"curies":[{"name":"wp","href":"https:\/\/api.w.org\/{rel}","templated":true}]}}