{"id":139603,"date":"2025-04-28T11:04:25","date_gmt":"2025-04-28T14:04:25","guid":{"rendered":"https:\/\/eldiariodesanpedro.com.ar\/sitio\/?p=139603"},"modified":"2025-04-28T11:04:29","modified_gmt":"2025-04-28T14:04:29","slug":"la-municipalidad-de-san-pedro-realizara-campanas-de-vacunacion-gratuitas-contra-la-gripe-y-la-fiebre-amarilla","status":"publish","type":"post","link":"https:\/\/eldiariodesanpedro.com.ar\/sitio\/la-municipalidad-de-san-pedro-realizara-campanas-de-vacunacion-gratuitas-contra-la-gripe-y-la-fiebre-amarilla\/","title":{"rendered":"La Municipalidad de San Pedro realizar\u00e1 campa\u00f1as de vacunaci\u00f3n gratuitas contra la gripe y la fiebre amarilla"},"content":{"rendered":"<!-- VideographyWP Plugin Message: Automatic video embedding prevented by plugin options. -->\n\n<p>La <strong>Municipalidad de San Pedro<\/strong>, a trav\u00e9s de la <strong>Secretar\u00eda de Salud<\/strong>, llevar\u00e1 a cabo dos importantes <strong>campa\u00f1as de vacunaci\u00f3n gratuitas<\/strong> durante el mes de mayo, con el objetivo de fortalecer la prevenci\u00f3n de enfermedades en la comunidad.<\/p>\n\n\n\n<ul class=\"wp-block-list\">\n<li>El <strong>mi\u00e9rcoles 7 de mayo<\/strong> se realizar\u00e1 una jornada de <strong>vacunaci\u00f3n antigripal<\/strong> en el <strong>Centro de Salud Mateo Sbert<\/strong>.<\/li>\n\n\n\n<li>El <strong>mi\u00e9rcoles 30 de mayo<\/strong> se llevar\u00e1 a cabo la <strong>vacunaci\u00f3n contra la fiebre amarilla<\/strong> en el <strong>vacunatorio del Hospital Municipal Dr. Emilio Ruffa<\/strong>.<\/li>\n<\/ul>\n\n\n\n<p>Estas campa\u00f1as est\u00e1n destinadas a <strong>completar los esquemas de vacunaci\u00f3n<\/strong> de la poblaci\u00f3n y se invita a <strong>los vecinos y vecinas<\/strong> a acercarse a los centros de salud correspondientes.<\/p>\n\n\n\n<p><strong>#Vacunaci\u00f3nGratuita #Prevenci\u00f3nDeEnfermedades #SanPedroSalud #Vacunaci\u00f3nAntigripal #FiebreAmarilla<\/strong><\/p>\n","protected":false},"excerpt":{"rendered":"<p>La Municipalidad de San Pedro, a trav\u00e9s de la Secretar\u00eda de Salud, llevar\u00e1 a cabo dos importantes campa\u00f1as de vacunaci\u00f3n gratuitas durante el mes de mayo, con el objetivo de fortalecer la prevenci\u00f3n de enfermedades en la comunidad. Estas campa\u00f1as est\u00e1n destinadas a completar los esquemas de vacunaci\u00f3n de la poblaci\u00f3n y se invita a [&hellip;]<\/p>\n","protected":false},"author":4,"featured_media":139604,"comment_status":"closed","ping_status":"closed","sticky":false,"template":"","format":"standard","meta":{"om_disable_all_campaigns":false,"_jetpack_memberships_contains_paid_content":false,"footnotes":""},"categories":[101,2],"tags":[],"class_list":["post-139603","post","type-post","status-publish","format-standard","has-post-thumbnail","hentry","category-interes-general-locales","category-locales"],"aioseo_notices":[],"gutentor_comment":0,"jetpack_featured_media_url":"https:\/\/eldiariodesanpedro.com.ar\/sitio\/wp-content\/uploads\/2025\/04\/medida-4.jpg","jetpack_shortlink":"https:\/\/wp.me\/p6RhLt-AjF","jetpack_sharing_enabled":true,"_links":{"self":[{"href":"https:\/\/eldiariodesanpedro.com.ar\/sitio\/wp-json\/wp\/v2\/posts\/139603","targetHints":{"allow":["GET"]}}],"collection":[{"href":"https:\/\/eldiariodesanpedro.com.ar\/sitio\/wp-json\/wp\/v2\/posts"}],"about":[{"href":"https:\/\/eldiariodesanpedro.com.ar\/sitio\/wp-json\/wp\/v2\/types\/post"}],"author":[{"embeddable":true,"href":"https:\/\/eldiariodesanpedro.com.ar\/sitio\/wp-json\/wp\/v2\/users\/4"}],"replies":[{"embeddable":true,"href":"https:\/\/eldiariodesanpedro.com.ar\/sitio\/wp-json\/wp\/v2\/comments?post=139603"}],"version-history":[{"count":1,"href":"https:\/\/eldiariodesanpedro.com.ar\/sitio\/wp-json\/wp\/v2\/posts\/139603\/revisions"}],"predecessor-version":[{"id":139605,"href":"https:\/\/eldiariodesanpedro.com.ar\/sitio\/wp-json\/wp\/v2\/posts\/139603\/revisions\/139605"}],"wp:featuredmedia":[{"embeddable":true,"href":"https:\/\/eldiariodesanpedro.com.ar\/sitio\/wp-json\/wp\/v2\/media\/139604"}],"wp:attachment":[{"href":"https:\/\/eldiariodesanpedro.com.ar\/sitio\/wp-json\/wp\/v2\/media?parent=139603"}],"wp:term":[{"taxonomy":"category","embeddable":true,"href":"https:\/\/eldiariodesanpedro.com.ar\/sitio\/wp-json\/wp\/v2\/categories?post=139603"},{"taxonomy":"post_tag","embeddable":true,"href":"https:\/\/eldiariodesanpedro.com.ar\/sitio\/wp-json\/wp\/v2\/tags?post=139603"}],"curies":[{"name":"wp","href":"https:\/\/api.w.org\/{rel}","templated":true}]}}