{"id":139600,"date":"2025-04-28T10:45:16","date_gmt":"2025-04-28T13:45:16","guid":{"rendered":"https:\/\/eldiariodesanpedro.com.ar\/sitio\/?p=139600"},"modified":"2025-04-28T10:45:20","modified_gmt":"2025-04-28T13:45:20","slug":"abren-inscripciones-para-el-taller-de-orientacion-vocacional","status":"publish","type":"post","link":"https:\/\/eldiariodesanpedro.com.ar\/sitio\/abren-inscripciones-para-el-taller-de-orientacion-vocacional\/","title":{"rendered":"Abren inscripciones para el taller de orientaci\u00f3n vocacional"},"content":{"rendered":"<!-- VideographyWP Plugin Message: Automatic video embedding prevented by plugin options. -->\n\n<p>La <strong>Municipalidad de San Pedro<\/strong>, a trav\u00e9s de la <strong>Direcci\u00f3n de Educaci\u00f3n<\/strong>, invita a participar del <strong>Taller de Orientaci\u00f3n Vocacional<\/strong> que se llevar\u00e1 a cabo a partir del <strong>14 de mayo<\/strong>.<\/p>\n\n\n\n<p>Este taller, coordinado por la <strong>Lic. Mar\u00eda Florencia Cominetti<\/strong> y la <strong>Lic. Luciana Pereira Corval\u00e1n<\/strong>, est\u00e1 dise\u00f1ado como un espacio para <strong>ayudar a los j\u00f3venes<\/strong> a reflexionar sobre sus <strong>intereses, habilidades y valores<\/strong>, con el fin de <strong>tomar decisiones informadas<\/strong> sobre su futuro <strong>profesional y educativo<\/strong>.<\/p>\n\n\n\n<p><strong>Link de inscripci\u00f3n:<\/strong> <a class=\"\" href=\"https:\/\/forms.gle\/Upp56LH5EcGUkw3a6\">https:\/\/forms.gle\/Upp56LH5EcGUkw3a6<\/a><\/p>\n\n\n\n<p>Las <strong>inscripciones est\u00e1n abiertas hasta el 12\/05<\/strong>.<br><strong>Horario y d\u00edas de atenci\u00f3n:<\/strong> lunes a viernes de <strong>9:00 a 13:00<\/strong>.<br><strong>Lugar:<\/strong> Oficinas del <strong>PUSAP<\/strong>, ubicadas en <strong>Salta y Arnaldo, 2\u00ba piso<\/strong>.<br><strong>Tel\u00e9fono:<\/strong> <strong>3329-320211<\/strong>.<\/p>\n\n\n\n<p>#SanPedro #Orientaci\u00f3nVocacional #Educaci\u00f3n #J\u00f3venes #FuturoProfesional #TallerVocacional<\/p>\n","protected":false},"excerpt":{"rendered":"<p>La Municipalidad de San Pedro, a trav\u00e9s de la Direcci\u00f3n de Educaci\u00f3n, invita a participar del Taller de Orientaci\u00f3n Vocacional que se llevar\u00e1 a cabo a partir del 14 de mayo. Este taller, coordinado por la Lic. Mar\u00eda Florencia Cominetti y la Lic. Luciana Pereira Corval\u00e1n, est\u00e1 dise\u00f1ado como un espacio para ayudar a los [&hellip;]<\/p>\n","protected":false},"author":4,"featured_media":139601,"comment_status":"closed","ping_status":"closed","sticky":false,"template":"","format":"standard","meta":{"om_disable_all_campaigns":false,"_jetpack_memberships_contains_paid_content":false,"footnotes":""},"categories":[101,2],"tags":[],"class_list":["post-139600","post","type-post","status-publish","format-standard","has-post-thumbnail","hentry","category-interes-general-locales","category-locales"],"aioseo_notices":[],"gutentor_comment":0,"jetpack_featured_media_url":"https:\/\/eldiariodesanpedro.com.ar\/sitio\/wp-content\/uploads\/2025\/04\/medida-3.png","jetpack_shortlink":"https:\/\/wp.me\/p6RhLt-AjC","jetpack_sharing_enabled":true,"_links":{"self":[{"href":"https:\/\/eldiariodesanpedro.com.ar\/sitio\/wp-json\/wp\/v2\/posts\/139600","targetHints":{"allow":["GET"]}}],"collection":[{"href":"https:\/\/eldiariodesanpedro.com.ar\/sitio\/wp-json\/wp\/v2\/posts"}],"about":[{"href":"https:\/\/eldiariodesanpedro.com.ar\/sitio\/wp-json\/wp\/v2\/types\/post"}],"author":[{"embeddable":true,"href":"https:\/\/eldiariodesanpedro.com.ar\/sitio\/wp-json\/wp\/v2\/users\/4"}],"replies":[{"embeddable":true,"href":"https:\/\/eldiariodesanpedro.com.ar\/sitio\/wp-json\/wp\/v2\/comments?post=139600"}],"version-history":[{"count":1,"href":"https:\/\/eldiariodesanpedro.com.ar\/sitio\/wp-json\/wp\/v2\/posts\/139600\/revisions"}],"predecessor-version":[{"id":139602,"href":"https:\/\/eldiariodesanpedro.com.ar\/sitio\/wp-json\/wp\/v2\/posts\/139600\/revisions\/139602"}],"wp:featuredmedia":[{"embeddable":true,"href":"https:\/\/eldiariodesanpedro.com.ar\/sitio\/wp-json\/wp\/v2\/media\/139601"}],"wp:attachment":[{"href":"https:\/\/eldiariodesanpedro.com.ar\/sitio\/wp-json\/wp\/v2\/media?parent=139600"}],"wp:term":[{"taxonomy":"category","embeddable":true,"href":"https:\/\/eldiariodesanpedro.com.ar\/sitio\/wp-json\/wp\/v2\/categories?post=139600"},{"taxonomy":"post_tag","embeddable":true,"href":"https:\/\/eldiariodesanpedro.com.ar\/sitio\/wp-json\/wp\/v2\/tags?post=139600"}],"curies":[{"name":"wp","href":"https:\/\/api.w.org\/{rel}","templated":true}]}}