{"id":13960,"date":"2017-02-02T20:12:12","date_gmt":"2017-02-02T23:12:12","guid":{"rendered":"https:\/\/eldiariodesanpedro.com.ar\/sitio\/?p=13960"},"modified":"2017-02-02T20:12:12","modified_gmt":"2017-02-02T23:12:12","slug":"vecinos-de-santa-lucia-reclamaron-por-mayor-seguridad","status":"publish","type":"post","link":"https:\/\/eldiariodesanpedro.com.ar\/sitio\/vecinos-de-santa-lucia-reclamaron-por-mayor-seguridad\/","title":{"rendered":"Vecinos de Santa Luc\u00eda reclamaron por mayor seguridad"},"content":{"rendered":"<p><!-- VideographyWP Plugin Message: Automatic video embedding prevented by plugin options. --><br \/>\nEn la tarde de este mi\u00e9rcoles, m\u00e1s de 50 personas se convocaron en la Plaza San Mart\u00edn con el objetivo de reclamar mayor seguridad, tras el \u00faltimo grave hecho ocurrido un vecino de la localidad el s\u00e1bado a la madrugada.<\/p>\n<p>All\u00ed pudieron reunirse con autoridades municipales y policiales que se acercaron para dialogar con los manifestantes.<\/p>\n<p>\u201cLo m\u00edo ya pas\u00f3 yo no pido que me devuelvan nada, me lo robaron, gracias dios lo puedo venir a contar\u201d, dijo V\u00edctor Vergara, damnificado el pasado s\u00e1bado por un grave hecho delictivo.<\/p>\n<p>Y luego asever\u00f3: \u201cHubo tres hechos bravos ac\u00e1 en Santa Luc\u00eda\u201d pero \u201ccon tres polic\u00edas mucho no se puede hacer\u201d. \u00bfQue se les puede pedir, que \u00bfechen un centro entre y cabeceen?\u201d, se pregunt\u00f3.<\/p>\n<p>Asimismo sostuvo que el robo que sufri\u00f3 \u201cno fue al azar\u201d y manifest\u00f3: \u201cLe toc\u00f3 a \u00e9l (Barboza) que sab\u00edan que ten\u00eda un mango, me tocaron a mi que sab\u00edan que tengo un mango, yo tengo 10 personas trabajando\u201d.<\/p>\n<p>En tanto que Roleri explic\u00f3: \u201cEstamos haciendo gestiones para que venga agentes de la polic\u00eda local que venga a insertarse dentro de la comunidad de Santa Luc\u00eda como en los otros destacamentos tambi\u00e9n\u201d. \u201cA principio de a\u00f1o no ten\u00edamos ning\u00fan m\u00f3vil, en el a\u00f1o recibimos cinco patrullas para Polic\u00eda de San Pedro y tres para la Polic\u00eda Rural\u201d, sostuvo<\/p>\n<p>En tanto que se refiri\u00f3 a las c\u00e1mara de seguridad, se\u00f1al\u00f3 que las compradas en la gesti\u00f3n de Guacone \u201cno son compatibles\u201d con los requerimientos del Ministerio de Seguridad de la Provincia y cont\u00f3 que \u201cla empresa Cablevisi\u00f3n va empezar a trabajar\u201d a trabajar en el tema, tras haber ganado la licitaci\u00f3n.<\/p>\n<p>Por su parte el director de Coordinaci\u00f3n de Polic\u00edas, Juan Carlos Ag\u00fcero, propuso hacer reuniones semanales para trabajar sobre la problem\u00e1tica. La propuesta fue recepcionada bien por algunos vecinos y otros manifestaron que \u201cno sirve para nada\u201d.<\/p>\n<p>Por su parte Ricardo Barbosa, tambi\u00e9n v\u00edctima de un violento hecho de robo el a\u00f1o pasado, dijo: \u201cA mi me trataron mejor los ladrones que desde la Justicia, la pol\u00edtica y la polic\u00eda desde la Fiscal\u00eda fueron todas agresiones, les tuve que decir: yo soy la v\u00edctima, usted est\u00e1 confundido\u201d.<\/p>\n","protected":false},"excerpt":{"rendered":"<p>En la tarde de este mi\u00e9rcoles, m\u00e1s de 50 personas se convocaron en la Plaza San Mart\u00edn con el objetivo de reclamar mayor seguridad, tras el \u00faltimo grave hecho ocurrido un vecino de la localidad el s\u00e1bado a la madrugada. All\u00ed pudieron reunirse con autoridades municipales y policiales que se acercaron para dialogar con los [&hellip;]<\/p>\n","protected":false},"author":4,"featured_media":13961,"comment_status":"open","ping_status":"closed","sticky":false,"template":"","format":"standard","meta":{"om_disable_all_campaigns":false,"_jetpack_memberships_contains_paid_content":false,"footnotes":""},"categories":[2,103],"tags":[],"class_list":["post-13960","post","type-post","status-publish","format-standard","has-post-thumbnail","hentry","category-locales","category-policiales-locales"],"aioseo_notices":[],"gutentor_comment":0,"jetpack_featured_media_url":"https:\/\/eldiariodesanpedro.com.ar\/sitio\/wp-content\/uploads\/2017\/02\/Mas-de-50-vecinos-se-nueclearon-en-la-Plaza-San-Mart\u00edn.jpg","jetpack_shortlink":"https:\/\/wp.me\/p6RhLt-3Da","jetpack_sharing_enabled":true,"_links":{"self":[{"href":"https:\/\/eldiariodesanpedro.com.ar\/sitio\/wp-json\/wp\/v2\/posts\/13960","targetHints":{"allow":["GET"]}}],"collection":[{"href":"https:\/\/eldiariodesanpedro.com.ar\/sitio\/wp-json\/wp\/v2\/posts"}],"about":[{"href":"https:\/\/eldiariodesanpedro.com.ar\/sitio\/wp-json\/wp\/v2\/types\/post"}],"author":[{"embeddable":true,"href":"https:\/\/eldiariodesanpedro.com.ar\/sitio\/wp-json\/wp\/v2\/users\/4"}],"replies":[{"embeddable":true,"href":"https:\/\/eldiariodesanpedro.com.ar\/sitio\/wp-json\/wp\/v2\/comments?post=13960"}],"version-history":[{"count":1,"href":"https:\/\/eldiariodesanpedro.com.ar\/sitio\/wp-json\/wp\/v2\/posts\/13960\/revisions"}],"predecessor-version":[{"id":13962,"href":"https:\/\/eldiariodesanpedro.com.ar\/sitio\/wp-json\/wp\/v2\/posts\/13960\/revisions\/13962"}],"wp:featuredmedia":[{"embeddable":true,"href":"https:\/\/eldiariodesanpedro.com.ar\/sitio\/wp-json\/wp\/v2\/media\/13961"}],"wp:attachment":[{"href":"https:\/\/eldiariodesanpedro.com.ar\/sitio\/wp-json\/wp\/v2\/media?parent=13960"}],"wp:term":[{"taxonomy":"category","embeddable":true,"href":"https:\/\/eldiariodesanpedro.com.ar\/sitio\/wp-json\/wp\/v2\/categories?post=13960"},{"taxonomy":"post_tag","embeddable":true,"href":"https:\/\/eldiariodesanpedro.com.ar\/sitio\/wp-json\/wp\/v2\/tags?post=13960"}],"curies":[{"name":"wp","href":"https:\/\/api.w.org\/{rel}","templated":true}]}}