{"id":139597,"date":"2025-04-28T10:22:31","date_gmt":"2025-04-28T13:22:31","guid":{"rendered":"https:\/\/eldiariodesanpedro.com.ar\/sitio\/?p=139597"},"modified":"2025-04-28T10:22:35","modified_gmt":"2025-04-28T13:22:35","slug":"aprehendido-infraganti-tras-robar-en-una-verduleria","status":"publish","type":"post","link":"https:\/\/eldiariodesanpedro.com.ar\/sitio\/aprehendido-infraganti-tras-robar-en-una-verduleria\/","title":{"rendered":"Aprehendido infraganti tras robar en una verduler\u00eda"},"content":{"rendered":"<!-- VideographyWP Plugin Message: Automatic video embedding prevented by plugin options. -->\n\n<p><strong>Personal policial de esta dependencia<\/strong> logr\u00f3 en el d\u00eda de hoy, <strong>en horas de la madrugada<\/strong>, la <strong>aprehensi\u00f3n en flagrancia<\/strong> de un <strong>masculino de 26 a\u00f1os de edad<\/strong> tras un llamado de <strong>emergencia al 911<\/strong>.<\/p>\n\n\n\n<p>El hecho ocurri\u00f3 en la intersecci\u00f3n de <strong>calle Chivilcoy y H. Pueyrred\u00f3n<\/strong> de esta ciudad, donde, gracias al <strong>r\u00e1pido accionar policial<\/strong>, se logr\u00f3 interceptar al sujeto mientras intentaba fugarse.<\/p>\n\n\n\n<p>En su poder, el detenido ten\u00eda <strong>dinero en efectivo sustra\u00eddo instantes antes<\/strong> del interior de un <strong>comercio del rubro verduler\u00eda<\/strong>, situado a escasos metros del lugar, donde hab\u00eda ingresado <strong>tras ejercer violencia en la puerta<\/strong>. El establecimiento es <strong>propiedad de una vecina de 74 a\u00f1os de edad<\/strong>.<\/p>\n\n\n\n<p><strong>La fiscal\u00eda local<\/strong> intervino en el caso y dispuso la <strong>notificaci\u00f3n de la causa<\/strong>, ordenando que el aprehendido quede <strong>alojado en el sector de calabozos<\/strong> a disposici\u00f3n de la justicia.<\/p>\n\n\n\n<hr class=\"wp-block-separator has-alpha-channel-opacity\"\/>\n\n\n\n<p><strong>#Robo #Policiales #SeguridadCiudadana #Aprehensi\u00f3n #911Emergencias #Fiscal\u00eda #Justicia<\/strong><\/p>\n","protected":false},"excerpt":{"rendered":"<p>Personal policial de esta dependencia logr\u00f3 en el d\u00eda de hoy, en horas de la madrugada, la aprehensi\u00f3n en flagrancia de un masculino de 26 a\u00f1os de edad tras un llamado de emergencia al 911. El hecho ocurri\u00f3 en la intersecci\u00f3n de calle Chivilcoy y H. Pueyrred\u00f3n de esta ciudad, donde, gracias al r\u00e1pido accionar [&hellip;]<\/p>\n","protected":false},"author":4,"featured_media":139598,"comment_status":"closed","ping_status":"closed","sticky":false,"template":"","format":"standard","meta":{"om_disable_all_campaigns":false,"_jetpack_memberships_contains_paid_content":false,"footnotes":""},"categories":[50,2,103],"tags":[],"class_list":["post-139597","post","type-post","status-publish","format-standard","has-post-thumbnail","hentry","category-destacadas","category-locales","category-policiales-locales"],"aioseo_notices":[],"gutentor_comment":0,"jetpack_featured_media_url":"https:\/\/eldiariodesanpedro.com.ar\/sitio\/wp-content\/uploads\/2025\/04\/medida-3-5.jpg","jetpack_shortlink":"https:\/\/wp.me\/p6RhLt-Ajz","jetpack_sharing_enabled":true,"_links":{"self":[{"href":"https:\/\/eldiariodesanpedro.com.ar\/sitio\/wp-json\/wp\/v2\/posts\/139597","targetHints":{"allow":["GET"]}}],"collection":[{"href":"https:\/\/eldiariodesanpedro.com.ar\/sitio\/wp-json\/wp\/v2\/posts"}],"about":[{"href":"https:\/\/eldiariodesanpedro.com.ar\/sitio\/wp-json\/wp\/v2\/types\/post"}],"author":[{"embeddable":true,"href":"https:\/\/eldiariodesanpedro.com.ar\/sitio\/wp-json\/wp\/v2\/users\/4"}],"replies":[{"embeddable":true,"href":"https:\/\/eldiariodesanpedro.com.ar\/sitio\/wp-json\/wp\/v2\/comments?post=139597"}],"version-history":[{"count":1,"href":"https:\/\/eldiariodesanpedro.com.ar\/sitio\/wp-json\/wp\/v2\/posts\/139597\/revisions"}],"predecessor-version":[{"id":139599,"href":"https:\/\/eldiariodesanpedro.com.ar\/sitio\/wp-json\/wp\/v2\/posts\/139597\/revisions\/139599"}],"wp:featuredmedia":[{"embeddable":true,"href":"https:\/\/eldiariodesanpedro.com.ar\/sitio\/wp-json\/wp\/v2\/media\/139598"}],"wp:attachment":[{"href":"https:\/\/eldiariodesanpedro.com.ar\/sitio\/wp-json\/wp\/v2\/media?parent=139597"}],"wp:term":[{"taxonomy":"category","embeddable":true,"href":"https:\/\/eldiariodesanpedro.com.ar\/sitio\/wp-json\/wp\/v2\/categories?post=139597"},{"taxonomy":"post_tag","embeddable":true,"href":"https:\/\/eldiariodesanpedro.com.ar\/sitio\/wp-json\/wp\/v2\/tags?post=139597"}],"curies":[{"name":"wp","href":"https:\/\/api.w.org\/{rel}","templated":true}]}}