{"id":139594,"date":"2025-04-28T09:57:47","date_gmt":"2025-04-28T12:57:47","guid":{"rendered":"https:\/\/eldiariodesanpedro.com.ar\/sitio\/?p=139594"},"modified":"2025-04-28T09:57:51","modified_gmt":"2025-04-28T12:57:51","slug":"aprehendido-en-estado-de-ebriedad-tras-alterar-el-orden-publico","status":"publish","type":"post","link":"https:\/\/eldiariodesanpedro.com.ar\/sitio\/aprehendido-en-estado-de-ebriedad-tras-alterar-el-orden-publico\/","title":{"rendered":"Aprehendido en estado de ebriedad tras alterar el orden p\u00fablico"},"content":{"rendered":"<!-- VideographyWP Plugin Message: Automatic video embedding prevented by plugin options. -->\n\n<p>En el d\u00eda de <strong>ayer por la tarde<\/strong>, personal de esta dependencia procedi\u00f3 a la <strong>aprehensi\u00f3n de un masculino de 31 a\u00f1os de edad<\/strong> en <strong>calle Manuel Iglesias al 2000<\/strong>. El individuo se encontraba <strong>alterando el orden p\u00fablico en evidente estado de ebriedad<\/strong>.<\/p>\n\n\n\n<p>Tras su aprehensi\u00f3n, intervino el <strong>Juzgado de Paz local<\/strong>, quien llevar\u00e1 adelante las actuaciones correspondientes.<\/p>\n\n\n\n<p>#SeguridadCiudadana #OrdenPublico #Intervenci\u00f3nPolicial #JuzgadoDePaz #NoticiasLocales<\/p>\n","protected":false},"excerpt":{"rendered":"<p>En el d\u00eda de ayer por la tarde, personal de esta dependencia procedi\u00f3 a la aprehensi\u00f3n de un masculino de 31 a\u00f1os de edad en calle Manuel Iglesias al 2000. El individuo se encontraba alterando el orden p\u00fablico en evidente estado de ebriedad. Tras su aprehensi\u00f3n, intervino el Juzgado de Paz local, quien llevar\u00e1 adelante [&hellip;]<\/p>\n","protected":false},"author":4,"featured_media":139595,"comment_status":"closed","ping_status":"closed","sticky":false,"template":"","format":"standard","meta":{"om_disable_all_campaigns":false,"_jetpack_memberships_contains_paid_content":false,"footnotes":""},"categories":[2,103],"tags":[],"class_list":["post-139594","post","type-post","status-publish","format-standard","has-post-thumbnail","hentry","category-locales","category-policiales-locales"],"aioseo_notices":[],"gutentor_comment":0,"jetpack_featured_media_url":"https:\/\/eldiariodesanpedro.com.ar\/sitio\/wp-content\/uploads\/2025\/04\/medida-3-4.jpg","jetpack_shortlink":"https:\/\/wp.me\/p6RhLt-Ajw","jetpack_sharing_enabled":true,"_links":{"self":[{"href":"https:\/\/eldiariodesanpedro.com.ar\/sitio\/wp-json\/wp\/v2\/posts\/139594","targetHints":{"allow":["GET"]}}],"collection":[{"href":"https:\/\/eldiariodesanpedro.com.ar\/sitio\/wp-json\/wp\/v2\/posts"}],"about":[{"href":"https:\/\/eldiariodesanpedro.com.ar\/sitio\/wp-json\/wp\/v2\/types\/post"}],"author":[{"embeddable":true,"href":"https:\/\/eldiariodesanpedro.com.ar\/sitio\/wp-json\/wp\/v2\/users\/4"}],"replies":[{"embeddable":true,"href":"https:\/\/eldiariodesanpedro.com.ar\/sitio\/wp-json\/wp\/v2\/comments?post=139594"}],"version-history":[{"count":1,"href":"https:\/\/eldiariodesanpedro.com.ar\/sitio\/wp-json\/wp\/v2\/posts\/139594\/revisions"}],"predecessor-version":[{"id":139596,"href":"https:\/\/eldiariodesanpedro.com.ar\/sitio\/wp-json\/wp\/v2\/posts\/139594\/revisions\/139596"}],"wp:featuredmedia":[{"embeddable":true,"href":"https:\/\/eldiariodesanpedro.com.ar\/sitio\/wp-json\/wp\/v2\/media\/139595"}],"wp:attachment":[{"href":"https:\/\/eldiariodesanpedro.com.ar\/sitio\/wp-json\/wp\/v2\/media?parent=139594"}],"wp:term":[{"taxonomy":"category","embeddable":true,"href":"https:\/\/eldiariodesanpedro.com.ar\/sitio\/wp-json\/wp\/v2\/categories?post=139594"},{"taxonomy":"post_tag","embeddable":true,"href":"https:\/\/eldiariodesanpedro.com.ar\/sitio\/wp-json\/wp\/v2\/tags?post=139594"}],"curies":[{"name":"wp","href":"https:\/\/api.w.org\/{rel}","templated":true}]}}