{"id":139591,"date":"2025-04-28T09:36:55","date_gmt":"2025-04-28T12:36:55","guid":{"rendered":"https:\/\/eldiariodesanpedro.com.ar\/sitio\/?p=139591"},"modified":"2025-04-28T09:36:58","modified_gmt":"2025-04-28T12:36:58","slug":"aprehendido-por-violacion-de-domicilio-y-desobediencia","status":"publish","type":"post","link":"https:\/\/eldiariodesanpedro.com.ar\/sitio\/aprehendido-por-violacion-de-domicilio-y-desobediencia\/","title":{"rendered":"Aprehendido por violaci\u00f3n de domicilio y desobediencia"},"content":{"rendered":"<!-- VideographyWP Plugin Message: Automatic video embedding prevented by plugin options. -->\n\n<p><strong>En horas de la ma\u00f1ana de ayer<\/strong>, personal policial de esta dependencia <strong>aprehendi\u00f3 a un hombre de 25 a\u00f1os<\/strong>, tras un llamado al <strong>911<\/strong> que alert\u00f3 sobre un incidente en <strong>calle 24 de Febrero al 900<\/strong> de esta ciudad.<\/p>\n\n\n\n<p>El sujeto fue sorprendido <strong>in fraganti<\/strong> en el <strong>interior del domicilio de su ex pareja de 24 a\u00f1os<\/strong>, al cual <strong>ingres\u00f3 de manera violenta<\/strong>, <strong>infringiendo una medida cautelar de per\u00edmetro<\/strong> previamente dispuesta.<\/p>\n\n\n\n<p><strong>La Fiscal\u00eda local<\/strong> tom\u00f3 intervenci\u00f3n en el caso y dispuso que el aprehendido fuera <strong>notificado de la causa<\/strong>, quedando <strong>alojado en el sector de calabozos<\/strong> a la espera de su <strong>primera remisi\u00f3n a sede fiscal<\/strong>.<\/p>\n\n\n\n<p>Por su parte, <strong>la v\u00edctima recibi\u00f3 asistencia<\/strong> en la <strong>Comisar\u00eda de la Mujer y la Familia<\/strong>, donde se le brind\u00f3 el acompa\u00f1amiento correspondiente.<\/p>\n\n\n\n<p>#Seguridad #Violaci\u00f3nDeDomicilio #Desobediencia #Justicia #Polic\u00eda #Prevenci\u00f3n #Comisar\u00edaDeLaMujer<\/p>\n","protected":false},"excerpt":{"rendered":"<p>En horas de la ma\u00f1ana de ayer, personal policial de esta dependencia aprehendi\u00f3 a un hombre de 25 a\u00f1os, tras un llamado al 911 que alert\u00f3 sobre un incidente en calle 24 de Febrero al 900 de esta ciudad. El sujeto fue sorprendido in fraganti en el interior del domicilio de su ex pareja de [&hellip;]<\/p>\n","protected":false},"author":4,"featured_media":139592,"comment_status":"closed","ping_status":"closed","sticky":false,"template":"","format":"standard","meta":{"om_disable_all_campaigns":false,"_jetpack_memberships_contains_paid_content":false,"footnotes":""},"categories":[2,103],"tags":[],"class_list":["post-139591","post","type-post","status-publish","format-standard","has-post-thumbnail","hentry","category-locales","category-policiales-locales"],"aioseo_notices":[],"gutentor_comment":0,"jetpack_featured_media_url":"https:\/\/eldiariodesanpedro.com.ar\/sitio\/wp-content\/uploads\/2025\/04\/medida-3-3.jpg","jetpack_shortlink":"https:\/\/wp.me\/p6RhLt-Ajt","jetpack_sharing_enabled":true,"_links":{"self":[{"href":"https:\/\/eldiariodesanpedro.com.ar\/sitio\/wp-json\/wp\/v2\/posts\/139591","targetHints":{"allow":["GET"]}}],"collection":[{"href":"https:\/\/eldiariodesanpedro.com.ar\/sitio\/wp-json\/wp\/v2\/posts"}],"about":[{"href":"https:\/\/eldiariodesanpedro.com.ar\/sitio\/wp-json\/wp\/v2\/types\/post"}],"author":[{"embeddable":true,"href":"https:\/\/eldiariodesanpedro.com.ar\/sitio\/wp-json\/wp\/v2\/users\/4"}],"replies":[{"embeddable":true,"href":"https:\/\/eldiariodesanpedro.com.ar\/sitio\/wp-json\/wp\/v2\/comments?post=139591"}],"version-history":[{"count":1,"href":"https:\/\/eldiariodesanpedro.com.ar\/sitio\/wp-json\/wp\/v2\/posts\/139591\/revisions"}],"predecessor-version":[{"id":139593,"href":"https:\/\/eldiariodesanpedro.com.ar\/sitio\/wp-json\/wp\/v2\/posts\/139591\/revisions\/139593"}],"wp:featuredmedia":[{"embeddable":true,"href":"https:\/\/eldiariodesanpedro.com.ar\/sitio\/wp-json\/wp\/v2\/media\/139592"}],"wp:attachment":[{"href":"https:\/\/eldiariodesanpedro.com.ar\/sitio\/wp-json\/wp\/v2\/media?parent=139591"}],"wp:term":[{"taxonomy":"category","embeddable":true,"href":"https:\/\/eldiariodesanpedro.com.ar\/sitio\/wp-json\/wp\/v2\/categories?post=139591"},{"taxonomy":"post_tag","embeddable":true,"href":"https:\/\/eldiariodesanpedro.com.ar\/sitio\/wp-json\/wp\/v2\/tags?post=139591"}],"curies":[{"name":"wp","href":"https:\/\/api.w.org\/{rel}","templated":true}]}}