{"id":13953,"date":"2017-02-02T20:10:15","date_gmt":"2017-02-02T23:10:15","guid":{"rendered":"https:\/\/eldiariodesanpedro.com.ar\/sitio\/?p=13953"},"modified":"2017-02-02T20:27:05","modified_gmt":"2017-02-02T23:27:05","slug":"detuvieron-en-zarate-un-vecino-de-vta-de-obligado-por-comercializacion-de-drogas-en-la-zona","status":"publish","type":"post","link":"https:\/\/eldiariodesanpedro.com.ar\/sitio\/detuvieron-en-zarate-un-vecino-de-vta-de-obligado-por-comercializacion-de-drogas-en-la-zona\/","title":{"rendered":"Detuvieron en Z\u00e1rate un vecino de Vta. de Obligado por comercializaci\u00f3n de drogas en la zona"},"content":{"rendered":"<p><!-- VideographyWP Plugin Message: Automatic video embedding prevented by plugin options. --><br \/>\nEl importante procedimiento se llev\u00f3 a cabo en la ma\u00f1ana de hoy en el paraje, en una lujosa vivienda donde habita una persona implicada en la venta de drogas en nuestra zona.<\/p>\n<p>El operativo fue encabezado por la Divisi\u00f3n Drogas Il\u00edcitas de San Nicol\u00e1s, a cargo del Comisario Mayor Mario Demaestri, y la Fiscal\u00eda Tematizada N\u00b0 1 a cargo del Dr. Patricio Mujica D\u00edaz.<\/p>\n<p>Juan Carlos Gallardo, de 56 a\u00f1os, alias \u201cel Bomba\u201d, fue aprehendido tras un operativo desarrollado en la Ruta 9 a la altura de Z\u00e1rate, cuando esperaba un cargamento de droga proveniente de Misiones. All\u00ed se inici\u00f3 la investigaci\u00f3n, que cont\u00f3 con la participaci\u00f3n el Subcomisario Gabriel Salda\u00f1a, integrante de la divisi\u00f3n Drogas Il\u00edcitas.<\/p>\n<p>En total se secuestraron 10 kilos de marihuana y son 5 las personas aprehendidas, entre ellos Gallardo, su esposa Laura Quinteros y adem\u00e1s un vecino sampedrino que cuenta con frondosos antecedentes y que adem\u00e1s ser\u00eda el encargado de distribuir los estupefacientes en nuestra ciudad.<br \/>\n<strong><br \/>\nVinculaci\u00f3n local<\/strong><\/p>\n<p>En el marco de la causa donde fue aprehendido \u201cel bomba\u201d Gallardo, adem\u00e1s del allanamiento realizado en Vuelta de Obligado, tambi\u00e9n se llev\u00f3 a cabo una diligencia en una propiedad localizada en calle J. B. Justo entre Gomendio y Almafuerte. All\u00ed se secuestraron elementos que aportan datos a la causa y adem\u00e1s detuvieron Oscar \u201cBrea\u201d Fern\u00e1ndez.<\/p>\n<p>En tanto que se dio paralelamente una llamativa situaci\u00f3n, ya que en la vivienda fue hallada una agente de la Polic\u00eda Local que no estaba vinculada en la causa inicialmente, por lo que no fue aprehendida, pero habr\u00e1 que ver qu\u00e9 determina en un futuro la Justicia sobre su situaci\u00f3n.<\/p>\n","protected":false},"excerpt":{"rendered":"<p>El importante procedimiento se llev\u00f3 a cabo en la ma\u00f1ana de hoy en el paraje, en una lujosa vivienda donde habita una persona implicada en la venta de drogas en nuestra zona. El operativo fue encabezado por la Divisi\u00f3n Drogas Il\u00edcitas de San Nicol\u00e1s, a cargo del Comisario Mayor Mario Demaestri, y la Fiscal\u00eda Tematizada [&hellip;]<\/p>\n","protected":false},"author":4,"featured_media":13959,"comment_status":"open","ping_status":"closed","sticky":false,"template":"","format":"standard","meta":{"om_disable_all_campaigns":false,"_jetpack_memberships_contains_paid_content":false,"footnotes":""},"categories":[50,2,103],"tags":[],"class_list":["post-13953","post","type-post","status-publish","format-standard","has-post-thumbnail","hentry","category-destacadas","category-locales","category-policiales-locales"],"aioseo_notices":[],"gutentor_comment":0,"jetpack_featured_media_url":"https:\/\/eldiariodesanpedro.com.ar\/sitio\/wp-content\/uploads\/2017\/02\/Juan-Carlos-Gallardo-y-Laura-Quinteros-ambos-detenidos-Foto-Facebook.jpg","jetpack_shortlink":"https:\/\/wp.me\/p6RhLt-3D3","jetpack_sharing_enabled":true,"_links":{"self":[{"href":"https:\/\/eldiariodesanpedro.com.ar\/sitio\/wp-json\/wp\/v2\/posts\/13953","targetHints":{"allow":["GET"]}}],"collection":[{"href":"https:\/\/eldiariodesanpedro.com.ar\/sitio\/wp-json\/wp\/v2\/posts"}],"about":[{"href":"https:\/\/eldiariodesanpedro.com.ar\/sitio\/wp-json\/wp\/v2\/types\/post"}],"author":[{"embeddable":true,"href":"https:\/\/eldiariodesanpedro.com.ar\/sitio\/wp-json\/wp\/v2\/users\/4"}],"replies":[{"embeddable":true,"href":"https:\/\/eldiariodesanpedro.com.ar\/sitio\/wp-json\/wp\/v2\/comments?post=13953"}],"version-history":[{"count":2,"href":"https:\/\/eldiariodesanpedro.com.ar\/sitio\/wp-json\/wp\/v2\/posts\/13953\/revisions"}],"predecessor-version":[{"id":13981,"href":"https:\/\/eldiariodesanpedro.com.ar\/sitio\/wp-json\/wp\/v2\/posts\/13953\/revisions\/13981"}],"wp:featuredmedia":[{"embeddable":true,"href":"https:\/\/eldiariodesanpedro.com.ar\/sitio\/wp-json\/wp\/v2\/media\/13959"}],"wp:attachment":[{"href":"https:\/\/eldiariodesanpedro.com.ar\/sitio\/wp-json\/wp\/v2\/media?parent=13953"}],"wp:term":[{"taxonomy":"category","embeddable":true,"href":"https:\/\/eldiariodesanpedro.com.ar\/sitio\/wp-json\/wp\/v2\/categories?post=13953"},{"taxonomy":"post_tag","embeddable":true,"href":"https:\/\/eldiariodesanpedro.com.ar\/sitio\/wp-json\/wp\/v2\/tags?post=13953"}],"curies":[{"name":"wp","href":"https:\/\/api.w.org\/{rel}","templated":true}]}}