{"id":13950,"date":"2017-02-02T20:01:49","date_gmt":"2017-02-02T23:01:49","guid":{"rendered":"https:\/\/eldiariodesanpedro.com.ar\/sitio\/?p=13950"},"modified":"2017-02-02T20:01:49","modified_gmt":"2017-02-02T23:01:49","slug":"ramanzini-al-gobierno-no-le-interesa-si-la-gente-llega-a-fin-de-mes","status":"publish","type":"post","link":"https:\/\/eldiariodesanpedro.com.ar\/sitio\/ramanzini-al-gobierno-no-le-interesa-si-la-gente-llega-a-fin-de-mes\/","title":{"rendered":"RAMANZINI: \u00abAl gobierno no le interesa si la gente llega a fin de mes\u00bb"},"content":{"rendered":"<p><!-- VideographyWP Plugin Message: Automatic video embedding prevented by plugin options. --><br \/>\nEl presidente de bloque de concejales y referente del Frente Renovador de San Pedro dispara duras palabras contra el gobierno de Macri respecto al aumento de las tarifas y la situaci\u00f3n que vive el pa\u00eds. El concejal sentenci\u00f3: \u201cNuevamente el gobierno castiga a los trabajadores con un tarifazo en el servicio de luz, junto a todos los aumentos que ya vienen aplicando durante el a\u00f1o de gesti\u00f3n. Pr\u00f3ximamente tambi\u00e9n vendr\u00e1n los aumentos de gas, agua, impuestos y seguramente otras noticias que caer\u00e1n en las espaldas de los trabajadores y los que menos tienen\u201d.<\/p>\n<p>\u201cEste gobierno y su presidente parecen no entender la situaci\u00f3n que est\u00e1n provocando en el  pa\u00eds, despidos, suspensiones, falta de empleo, tarifazos por todos lados y el responsable es el gobierno y sus funcionarios  que no encuentra el camino y toma decisiones sin importarle si la gente no puede comer a fin de mes. Parece que al presidente, funcionarios, gobernadores e intendentes del PRO no le interesa la gente. La econom\u00eda cae, no ha llegado la lluvia de inversiones prometida y \u00fanico que les importa es recaudar\u201d, plantea el referente del Frente Renovador.<\/p>\n<p>El concejal tambi\u00e9n cuestion\u00f3 respecto a los tarifazos de tasas municipales que llev\u00f3 adelante el intendente Cecilio Salazar: \u201cParece que el intendente tambi\u00e9n copia el modelo del PRO y aumenta sin discreci\u00f3n las tasas municipales. Desde que asumi\u00f3 aument\u00f3 m\u00e1s de un 400%, lo cual es un disparate. Parece que al intendente tampoco le importa si la gente puede pagar o no las tasas o si cierran los comercios por falta de ventas y se pierden empleos en nuestra ciudad.<\/p>\n<p> En vez de cuidar el dinero de los vecinos y dejar de incorporar empleados a la municipalidad, el intendente parece que primero gasta y despu\u00e9s ve cu\u00e1nto puede gastar. Por otro lado parece que est\u00e1 m\u00e1s preocupado por la gente que viene de visita haciendo turismo, que por la gente que vive y trabaja y paga sus impuestos en San Pedro, porque todos los arreglos y prioridades fueron \u00fanicamente para obras en la costanera, las cuales son muy costosas. <\/p>\n<p>\u201cEn vez de colocar l\u00e1mparas led en la costanera, las cuales son muy costosas, podr\u00eda haber iluminado varios barrios con ese dinero y reparado las calles intransitables de nuestra ciudad, mejorar la provisi\u00f3n de agua de red y cloacas de los barrios, para la gente que vive y aporta sus impuestos en nuestra ciudad puedan vivir mejor\u201d, concluye el concejal Ramanzini.<\/p>\n","protected":false},"excerpt":{"rendered":"<p>El presidente de bloque de concejales y referente del Frente Renovador de San Pedro dispara duras palabras contra el gobierno de Macri respecto al aumento de las tarifas y la situaci\u00f3n que vive el pa\u00eds. El concejal sentenci\u00f3: \u201cNuevamente el gobierno castiga a los trabajadores con un tarifazo en el servicio de luz, junto a [&hellip;]<\/p>\n","protected":false},"author":4,"featured_media":13951,"comment_status":"open","ping_status":"closed","sticky":false,"template":"","format":"standard","meta":{"om_disable_all_campaigns":false,"_jetpack_memberships_contains_paid_content":false,"footnotes":""},"categories":[50,2,102],"tags":[],"class_list":["post-13950","post","type-post","status-publish","format-standard","has-post-thumbnail","hentry","category-destacadas","category-locales","category-politica-locales"],"aioseo_notices":[],"gutentor_comment":0,"jetpack_featured_media_url":"https:\/\/eldiariodesanpedro.com.ar\/sitio\/wp-content\/uploads\/2017\/02\/El-concejal-Ariel-Ramanzini.jpg","jetpack_shortlink":"https:\/\/wp.me\/p6RhLt-3D0","jetpack_sharing_enabled":true,"_links":{"self":[{"href":"https:\/\/eldiariodesanpedro.com.ar\/sitio\/wp-json\/wp\/v2\/posts\/13950","targetHints":{"allow":["GET"]}}],"collection":[{"href":"https:\/\/eldiariodesanpedro.com.ar\/sitio\/wp-json\/wp\/v2\/posts"}],"about":[{"href":"https:\/\/eldiariodesanpedro.com.ar\/sitio\/wp-json\/wp\/v2\/types\/post"}],"author":[{"embeddable":true,"href":"https:\/\/eldiariodesanpedro.com.ar\/sitio\/wp-json\/wp\/v2\/users\/4"}],"replies":[{"embeddable":true,"href":"https:\/\/eldiariodesanpedro.com.ar\/sitio\/wp-json\/wp\/v2\/comments?post=13950"}],"version-history":[{"count":1,"href":"https:\/\/eldiariodesanpedro.com.ar\/sitio\/wp-json\/wp\/v2\/posts\/13950\/revisions"}],"predecessor-version":[{"id":13952,"href":"https:\/\/eldiariodesanpedro.com.ar\/sitio\/wp-json\/wp\/v2\/posts\/13950\/revisions\/13952"}],"wp:featuredmedia":[{"embeddable":true,"href":"https:\/\/eldiariodesanpedro.com.ar\/sitio\/wp-json\/wp\/v2\/media\/13951"}],"wp:attachment":[{"href":"https:\/\/eldiariodesanpedro.com.ar\/sitio\/wp-json\/wp\/v2\/media?parent=13950"}],"wp:term":[{"taxonomy":"category","embeddable":true,"href":"https:\/\/eldiariodesanpedro.com.ar\/sitio\/wp-json\/wp\/v2\/categories?post=13950"},{"taxonomy":"post_tag","embeddable":true,"href":"https:\/\/eldiariodesanpedro.com.ar\/sitio\/wp-json\/wp\/v2\/tags?post=13950"}],"curies":[{"name":"wp","href":"https:\/\/api.w.org\/{rel}","templated":true}]}}