{"id":13939,"date":"2017-02-01T21:13:44","date_gmt":"2017-02-02T00:13:44","guid":{"rendered":"https:\/\/eldiariodesanpedro.com.ar\/sitio\/?p=13939"},"modified":"2026-01-24T00:31:07","modified_gmt":"2026-01-24T03:31:07","slug":"ciclismo-mario-garibaldi-gano-en-la-prueba-central-de-prociclismo-san-pedro","status":"publish","type":"post","link":"https:\/\/eldiariodesanpedro.com.ar\/sitio\/ciclismo-mario-garibaldi-gano-en-la-prueba-central-de-prociclismo-san-pedro\/","title":{"rendered":"CICLISMO: Mario Garibaldi gan\u00f3 en la prueba central de Prociclismo San Pedro"},"content":{"rendered":"<p><!-- VideographyWP Plugin Message: Automatic video embedding prevented by plugin options. --><br \/>\nLos sampedrinos coparon el podio de la \u00abB\u00bb y en la principal encabezados por Mario Garibaldi, \u00abTato\u00bb Mendoza, Jos\u00e9 Villarruel, escalaron en lo m\u00e1s alto de la Promo y Master \u00abA\u00bb, tambi\u00e9n triunfaron: Rub\u00e9n Morales, San Pedro en Master \u00abD\u00bb, Mauricio Beretta, Pe\u00f1a de Ciclistas locales, N\u00e9stor \u00abChicho\u00bb Varela, Arrecifes, Master \u00abC\u00bb y p\u00fablico que presenci\u00f3 interesante espect\u00e1culo del pedal la tarde del domingo en el Panor\u00e1mico del Oeste de Pro Ciclismo San Pedro, quien anuncia e invita para el pr\u00f3ximo s\u00e1bado desde las 13 hs. a similar programa.<\/p>\n<p><strong>Todos los resultados:<\/strong><\/p>\n<p><em>MASTER \u00abD\u00bb<\/em><br \/>\n1\u00b0 Rub\u00e9n Morales (San Pedro)<br \/>\n2\u00b0 H\u00e9ctor Larguero (Lomas de Zamora)<br \/>\n3\u00b0 Rodolfo P\u00e9rez (Berazategui)<br \/>\n4\u00b0 Juan Carlos Ariza (Arrecifes)<br \/>\n5\u00b0 Francisco Arguello (Temperley)<\/p>\n<p><em>PE\u00d1A CICLISTAS SAMPEDRINOS<\/em><br \/>\n1\u00b0 Mauricio Beretta<br \/>\n2\u00b0 Diego Clementin<br \/>\n3\u00b0 Daniel Chipolini<br \/>\n4\u00b0 Mario Fabricio<br \/>\n5\u00b0 Claudio Rodr\u00edguez<br \/>\n<em><br \/>\nINFANTILES<\/em><br \/>\nParticiparon: Mat\u00edas Acu\u00f1a (Tigre) &#8211; Ignacio Frutos (Carcara\u00f1a) &#8211; Fantino Giuliani (San Pedro) &#8211; Eliseo Sayas (San Pedro) &#8211; Malena Aliendro (San Andr\u00e9s de Giles) &#8211; Brenda Paz (San Pedro) &#8211; <\/p>\n<p><em>MASTER \u00abC\u00bb<\/em><br \/>\n1\u00b0 N\u00e9stor \u00abChicho\u00bb Varela (Arrecifes)<br \/>\n2\u00b0 Gerardo Rivero (Pergamino)<br \/>\n3\u00b0 Miguel Machi (Capit\u00e1n Sarmiento)<br \/>\n4\u00b0 Sergio Rivero (Pergamino)<br \/>\n5\u00b0 Cesar Gim\u00e9nez (Capit\u00e1n Sarmiento)<br \/>\nGanadores Sprint especiales: Gustavo Arpia (San Pedro) &#8211; Edgardo Chiorazo (San Pedro) &#8211;<\/p>\n<p><em>MASTER \u00abB\u00bb<\/em><br \/>\n1\u00b0 Cristian Basualdo (San Pedro)<br \/>\n2\u00b0 Juan Pablo Villarruel (San Pedro)<br \/>\n3\u00b0 Carlos Giuliani (San Pedro)<\/p>\n<p><em>PROMO Y MASTER \u00abA\u00bb<\/em><br \/>\n1\u00b0 Mario Garibaldi (San Pedro)<br \/>\n2\u00b0 Adri\u00e1n \u00abTato\u00bb Mendoza (San Pedro)<br \/>\n3\u00b0 Jos\u00e9 Villarruel (San Pedro)<br \/>\n4\u00b0 Justin Joachin (La Luisa)<br \/>\n5\u00b0 Agustin Basualdo (San Pedro)<br \/>\nGanadores Sprint: \u00abPachi\u00bb Carrizo (Berazategui) &#8211; Mauro Puig (San Pedro) &#8211; Lucas Cardoso (San Pedro) &#8211; Agustin Basualdo (San Pedro) &#8211; Ignacio Pisani (San Pedro) &#8211; Justin Joachin (La Luisa) &#8211; Cristian Monzon (San Pedro).<\/p>\n","protected":false},"excerpt":{"rendered":"<p>Los sampedrinos coparon el podio de la \u00abB\u00bb y en la principal encabezados por Mario Garibaldi, \u00abTato\u00bb Mendoza, Jos\u00e9 Villarruel, escalaron en lo m\u00e1s alto de la Promo y Master \u00abA\u00bb, tambi\u00e9n triunfaron: Rub\u00e9n Morales, San Pedro en Master \u00abD\u00bb, Mauricio Beretta, Pe\u00f1a de Ciclistas locales, N\u00e9stor \u00abChicho\u00bb Varela, Arrecifes, Master \u00abC\u00bb y p\u00fablico que [&hellip;]<\/p>\n","protected":false},"author":4,"featured_media":13940,"comment_status":"open","ping_status":"closed","sticky":false,"template":"","format":"standard","meta":{"om_disable_all_campaigns":false,"_jetpack_memberships_contains_paid_content":false,"footnotes":""},"categories":[5],"tags":[],"class_list":["post-13939","post","type-post","status-publish","format-standard","has-post-thumbnail","hentry","category-deportes"],"aioseo_notices":[],"gutentor_comment":0,"jetpack_featured_media_url":"https:\/\/eldiariodesanpedro.com.ar\/sitio\/wp-content\/uploads\/2017\/02\/Mario-Garibaldi-y-la-nota-de-\u201cBuya\u201d-Peralta-en-el-circuito-Panor\u00e1mico.jpg","jetpack_shortlink":"https:\/\/wp.me\/p6RhLt-3CP","jetpack_sharing_enabled":true,"_links":{"self":[{"href":"https:\/\/eldiariodesanpedro.com.ar\/sitio\/wp-json\/wp\/v2\/posts\/13939","targetHints":{"allow":["GET"]}}],"collection":[{"href":"https:\/\/eldiariodesanpedro.com.ar\/sitio\/wp-json\/wp\/v2\/posts"}],"about":[{"href":"https:\/\/eldiariodesanpedro.com.ar\/sitio\/wp-json\/wp\/v2\/types\/post"}],"author":[{"embeddable":true,"href":"https:\/\/eldiariodesanpedro.com.ar\/sitio\/wp-json\/wp\/v2\/users\/4"}],"replies":[{"embeddable":true,"href":"https:\/\/eldiariodesanpedro.com.ar\/sitio\/wp-json\/wp\/v2\/comments?post=13939"}],"version-history":[{"count":1,"href":"https:\/\/eldiariodesanpedro.com.ar\/sitio\/wp-json\/wp\/v2\/posts\/13939\/revisions"}],"predecessor-version":[{"id":13941,"href":"https:\/\/eldiariodesanpedro.com.ar\/sitio\/wp-json\/wp\/v2\/posts\/13939\/revisions\/13941"}],"wp:featuredmedia":[{"embeddable":true,"href":"https:\/\/eldiariodesanpedro.com.ar\/sitio\/wp-json\/wp\/v2\/media\/13940"}],"wp:attachment":[{"href":"https:\/\/eldiariodesanpedro.com.ar\/sitio\/wp-json\/wp\/v2\/media?parent=13939"}],"wp:term":[{"taxonomy":"category","embeddable":true,"href":"https:\/\/eldiariodesanpedro.com.ar\/sitio\/wp-json\/wp\/v2\/categories?post=13939"},{"taxonomy":"post_tag","embeddable":true,"href":"https:\/\/eldiariodesanpedro.com.ar\/sitio\/wp-json\/wp\/v2\/tags?post=13939"}],"curies":[{"name":"wp","href":"https:\/\/api.w.org\/{rel}","templated":true}]}}