{"id":139369,"date":"2025-04-17T13:27:27","date_gmt":"2025-04-17T16:27:27","guid":{"rendered":"https:\/\/eldiariodesanpedro.com.ar\/sitio\/?p=139369"},"modified":"2025-04-17T13:27:31","modified_gmt":"2025-04-17T16:27:31","slug":"allanamiento-y-detencion-por-tentativa-de-robo-agravado","status":"publish","type":"post","link":"https:\/\/eldiariodesanpedro.com.ar\/sitio\/allanamiento-y-detencion-por-tentativa-de-robo-agravado\/","title":{"rendered":"Allanamiento y detenci\u00f3n por tentativa de robo agravado"},"content":{"rendered":"<!-- VideographyWP Plugin Message: Automatic video embedding prevented by plugin options. -->\n\n<p>En la <strong>tarde de ayer<\/strong>, personal del <strong>Gabinete Criminol\u00f3gico de la Comisar\u00eda<\/strong>, tras diversas averiguaciones, llev\u00f3 a cabo una <strong>orden de allanamiento<\/strong> en conjunto con <strong>efectivos de la EPC SP y la SUB DDI<\/strong>, en un domicilio ubicado en la <strong>calle Liniers N\u00b0 1000<\/strong>.<\/p>\n\n\n\n<p>Durante el procedimiento se concret\u00f3 la <strong>detenci\u00f3n y captura<\/strong>, por orden judicial, de un <strong>hombre de 27 a\u00f1os con frondosos antecedentes penales<\/strong>, acusado por el delito de <strong>tentativa de robo agravado<\/strong>.<\/p>\n\n\n\n<p>El <strong>Juzgado interviniente<\/strong> dispuso que el ciudadano permanezca <strong>alojado en calidad de detenido<\/strong>, a la espera de su <strong>remisi\u00f3n a una Unidad Carcelaria<\/strong>.<\/p>\n","protected":false},"excerpt":{"rendered":"<p>En la tarde de ayer, personal del Gabinete Criminol\u00f3gico de la Comisar\u00eda, tras diversas averiguaciones, llev\u00f3 a cabo una orden de allanamiento en conjunto con efectivos de la EPC SP y la SUB DDI, en un domicilio ubicado en la calle Liniers N\u00b0 1000. Durante el procedimiento se concret\u00f3 la detenci\u00f3n y captura, por orden [&hellip;]<\/p>\n","protected":false},"author":4,"featured_media":139370,"comment_status":"closed","ping_status":"closed","sticky":false,"template":"","format":"standard","meta":{"om_disable_all_campaigns":false,"_jetpack_memberships_contains_paid_content":false,"footnotes":""},"categories":[2,103],"tags":[],"class_list":["post-139369","post","type-post","status-publish","format-standard","has-post-thumbnail","hentry","category-locales","category-policiales-locales"],"aioseo_notices":[],"gutentor_comment":0,"jetpack_featured_media_url":"https:\/\/eldiariodesanpedro.com.ar\/sitio\/wp-content\/uploads\/2025\/04\/medida-1-71.jpg","jetpack_shortlink":"https:\/\/wp.me\/p6RhLt-AfT","jetpack_sharing_enabled":true,"_links":{"self":[{"href":"https:\/\/eldiariodesanpedro.com.ar\/sitio\/wp-json\/wp\/v2\/posts\/139369","targetHints":{"allow":["GET"]}}],"collection":[{"href":"https:\/\/eldiariodesanpedro.com.ar\/sitio\/wp-json\/wp\/v2\/posts"}],"about":[{"href":"https:\/\/eldiariodesanpedro.com.ar\/sitio\/wp-json\/wp\/v2\/types\/post"}],"author":[{"embeddable":true,"href":"https:\/\/eldiariodesanpedro.com.ar\/sitio\/wp-json\/wp\/v2\/users\/4"}],"replies":[{"embeddable":true,"href":"https:\/\/eldiariodesanpedro.com.ar\/sitio\/wp-json\/wp\/v2\/comments?post=139369"}],"version-history":[{"count":1,"href":"https:\/\/eldiariodesanpedro.com.ar\/sitio\/wp-json\/wp\/v2\/posts\/139369\/revisions"}],"predecessor-version":[{"id":139371,"href":"https:\/\/eldiariodesanpedro.com.ar\/sitio\/wp-json\/wp\/v2\/posts\/139369\/revisions\/139371"}],"wp:featuredmedia":[{"embeddable":true,"href":"https:\/\/eldiariodesanpedro.com.ar\/sitio\/wp-json\/wp\/v2\/media\/139370"}],"wp:attachment":[{"href":"https:\/\/eldiariodesanpedro.com.ar\/sitio\/wp-json\/wp\/v2\/media?parent=139369"}],"wp:term":[{"taxonomy":"category","embeddable":true,"href":"https:\/\/eldiariodesanpedro.com.ar\/sitio\/wp-json\/wp\/v2\/categories?post=139369"},{"taxonomy":"post_tag","embeddable":true,"href":"https:\/\/eldiariodesanpedro.com.ar\/sitio\/wp-json\/wp\/v2\/tags?post=139369"}],"curies":[{"name":"wp","href":"https:\/\/api.w.org\/{rel}","templated":true}]}}