{"id":139366,"date":"2025-04-17T13:10:57","date_gmt":"2025-04-17T16:10:57","guid":{"rendered":"https:\/\/eldiariodesanpedro.com.ar\/sitio\/?p=139366"},"modified":"2025-04-17T13:11:01","modified_gmt":"2025-04-17T16:11:01","slug":"joven-circulaba-en-motocicleta-con-pedido-de-secuestro-en-san-pedro","status":"publish","type":"post","link":"https:\/\/eldiariodesanpedro.com.ar\/sitio\/joven-circulaba-en-motocicleta-con-pedido-de-secuestro-en-san-pedro\/","title":{"rendered":"Joven circulaba en motocicleta con pedido de secuestro en San Pedro"},"content":{"rendered":"<!-- VideographyWP Plugin Message: Automatic video embedding prevented by plugin options. -->\n\n<p>En la ma\u00f1ana del d\u00eda de ayer, <strong>personal de la Estaci\u00f3n de Polic\u00eda Comunal San Pedro<\/strong>, durante un operativo de control en distintos barrios de la ciudad, <strong>procedi\u00f3 a la identificaci\u00f3n selectiva de veh\u00edculos y ciudadanos<\/strong> en la zona de <strong>calle Manuel Iglesias al 2300<\/strong>.<\/p>\n\n\n\n<p>Durante el procedimiento, los efectivos <strong>identificaron a un joven de 23 a\u00f1os<\/strong> que <strong>circulaba a bordo de una motocicleta marca Mondial<\/strong>, la cual <strong>contaba con un pedido de secuestro activo<\/strong> desde el <strong>13 de abril de 2024<\/strong>. La medida hab\u00eda sido dispuesta por la <strong>Unidad Funcional de Instrucci\u00f3n N\u00b0 7 de San Pedro<\/strong>, en el marco de una causa <strong>caratulada como \u201cHurto\u201d<\/strong>, con una <strong>denunciante de 35 a\u00f1os<\/strong>.<\/p>\n\n\n\n<p>Ante el hallazgo, <strong>la fiscal\u00eda interviniente orden\u00f3 el secuestro del rodado<\/strong> y que <strong>el joven sea notificado de la formaci\u00f3n de la causa<\/strong> bajo la acusaci\u00f3n de <strong>encubrimiento<\/strong>.<\/p>\n","protected":false},"excerpt":{"rendered":"<p>En la ma\u00f1ana del d\u00eda de ayer, personal de la Estaci\u00f3n de Polic\u00eda Comunal San Pedro, durante un operativo de control en distintos barrios de la ciudad, procedi\u00f3 a la identificaci\u00f3n selectiva de veh\u00edculos y ciudadanos en la zona de calle Manuel Iglesias al 2300. Durante el procedimiento, los efectivos identificaron a un joven de [&hellip;]<\/p>\n","protected":false},"author":4,"featured_media":139367,"comment_status":"closed","ping_status":"closed","sticky":false,"template":"","format":"standard","meta":{"om_disable_all_campaigns":false,"_jetpack_memberships_contains_paid_content":false,"footnotes":""},"categories":[2,103],"tags":[],"class_list":["post-139366","post","type-post","status-publish","format-standard","has-post-thumbnail","hentry","category-locales","category-policiales-locales"],"aioseo_notices":[],"gutentor_comment":0,"jetpack_featured_media_url":"https:\/\/eldiariodesanpedro.com.ar\/sitio\/wp-content\/uploads\/2025\/04\/medida-1-70.jpg","jetpack_shortlink":"https:\/\/wp.me\/p6RhLt-AfQ","jetpack_sharing_enabled":true,"_links":{"self":[{"href":"https:\/\/eldiariodesanpedro.com.ar\/sitio\/wp-json\/wp\/v2\/posts\/139366","targetHints":{"allow":["GET"]}}],"collection":[{"href":"https:\/\/eldiariodesanpedro.com.ar\/sitio\/wp-json\/wp\/v2\/posts"}],"about":[{"href":"https:\/\/eldiariodesanpedro.com.ar\/sitio\/wp-json\/wp\/v2\/types\/post"}],"author":[{"embeddable":true,"href":"https:\/\/eldiariodesanpedro.com.ar\/sitio\/wp-json\/wp\/v2\/users\/4"}],"replies":[{"embeddable":true,"href":"https:\/\/eldiariodesanpedro.com.ar\/sitio\/wp-json\/wp\/v2\/comments?post=139366"}],"version-history":[{"count":1,"href":"https:\/\/eldiariodesanpedro.com.ar\/sitio\/wp-json\/wp\/v2\/posts\/139366\/revisions"}],"predecessor-version":[{"id":139368,"href":"https:\/\/eldiariodesanpedro.com.ar\/sitio\/wp-json\/wp\/v2\/posts\/139366\/revisions\/139368"}],"wp:featuredmedia":[{"embeddable":true,"href":"https:\/\/eldiariodesanpedro.com.ar\/sitio\/wp-json\/wp\/v2\/media\/139367"}],"wp:attachment":[{"href":"https:\/\/eldiariodesanpedro.com.ar\/sitio\/wp-json\/wp\/v2\/media?parent=139366"}],"wp:term":[{"taxonomy":"category","embeddable":true,"href":"https:\/\/eldiariodesanpedro.com.ar\/sitio\/wp-json\/wp\/v2\/categories?post=139366"},{"taxonomy":"post_tag","embeddable":true,"href":"https:\/\/eldiariodesanpedro.com.ar\/sitio\/wp-json\/wp\/v2\/tags?post=139366"}],"curies":[{"name":"wp","href":"https:\/\/api.w.org\/{rel}","templated":true}]}}