{"id":139363,"date":"2025-04-17T12:37:12","date_gmt":"2025-04-17T15:37:12","guid":{"rendered":"https:\/\/eldiariodesanpedro.com.ar\/sitio\/?p=139363"},"modified":"2025-04-17T12:37:15","modified_gmt":"2025-04-17T15:37:15","slug":"aprehenden-a-sujeto-con-frondosos-antecedentes-circulando-en-motocicleta-robada","status":"publish","type":"post","link":"https:\/\/eldiariodesanpedro.com.ar\/sitio\/aprehenden-a-sujeto-con-frondosos-antecedentes-circulando-en-motocicleta-robada\/","title":{"rendered":"Aprehenden a sujeto con frondosos antecedentes circulando en motocicleta robada"},"content":{"rendered":"<!-- VideographyWP Plugin Message: Automatic video embedding prevented by plugin options. -->\n\n<p>En el d\u00eda de ayer, <strong>personal del GTO San Pedro<\/strong> logr\u00f3 la <strong>aprehensi\u00f3n de un hombre de 33 a\u00f1os<\/strong>, con <strong>frondosos antecedentes penales<\/strong>, quien circulaba en la v\u00eda p\u00fablica a bordo de una <strong>motocicleta con pedido de secuestro activo<\/strong>.<\/p>\n\n\n\n<p>El operativo tuvo lugar en calles <strong>Auli y Bottaro<\/strong>, en el interior del <strong>barrio 104 Viviendas<\/strong>, donde, tras tareas investigativas, los efectivos interceptaron al individuo y procedieron al <strong>secuestro de una motocicleta marca Gilera, 150cc, color negra<\/strong>.<\/p>\n\n\n\n<p>La motocicleta en cuesti\u00f3n <strong>hab\u00eda sido sustra\u00edda durante la madrugada<\/strong> del mismo d\u00eda, del interior de un domicilio ubicado en <strong>calle Independencia N\u00b0 300<\/strong>. El delincuente habr\u00eda accedido al lugar <strong>tras ejercer violencia sobre el candado del port\u00f3n<\/strong> de la vivienda, propiedad de un <strong>joven de 24 a\u00f1os<\/strong>.<\/p>\n\n\n\n<p><strong>La fiscal\u00eda local intervino en el caso<\/strong>, disponiendo el <strong>secuestro del rodado<\/strong>, la <strong>notificaci\u00f3n de la formaci\u00f3n de la causa<\/strong> y el <strong>alojamiento del imputado en la comisar\u00eda<\/strong>, a la espera de que <strong>la justicia eval\u00fae su situaci\u00f3n legal<\/strong>.<\/p>\n","protected":false},"excerpt":{"rendered":"<p>En el d\u00eda de ayer, personal del GTO San Pedro logr\u00f3 la aprehensi\u00f3n de un hombre de 33 a\u00f1os, con frondosos antecedentes penales, quien circulaba en la v\u00eda p\u00fablica a bordo de una motocicleta con pedido de secuestro activo. El operativo tuvo lugar en calles Auli y Bottaro, en el interior del barrio 104 Viviendas, [&hellip;]<\/p>\n","protected":false},"author":4,"featured_media":139364,"comment_status":"closed","ping_status":"closed","sticky":false,"template":"","format":"standard","meta":{"om_disable_all_campaigns":false,"_jetpack_memberships_contains_paid_content":false,"footnotes":""},"categories":[2],"tags":[],"class_list":["post-139363","post","type-post","status-publish","format-standard","has-post-thumbnail","hentry","category-locales"],"aioseo_notices":[],"gutentor_comment":0,"jetpack_featured_media_url":"https:\/\/eldiariodesanpedro.com.ar\/sitio\/wp-content\/uploads\/2025\/04\/medida-1-69.jpg","jetpack_shortlink":"https:\/\/wp.me\/p6RhLt-AfN","jetpack_sharing_enabled":true,"_links":{"self":[{"href":"https:\/\/eldiariodesanpedro.com.ar\/sitio\/wp-json\/wp\/v2\/posts\/139363","targetHints":{"allow":["GET"]}}],"collection":[{"href":"https:\/\/eldiariodesanpedro.com.ar\/sitio\/wp-json\/wp\/v2\/posts"}],"about":[{"href":"https:\/\/eldiariodesanpedro.com.ar\/sitio\/wp-json\/wp\/v2\/types\/post"}],"author":[{"embeddable":true,"href":"https:\/\/eldiariodesanpedro.com.ar\/sitio\/wp-json\/wp\/v2\/users\/4"}],"replies":[{"embeddable":true,"href":"https:\/\/eldiariodesanpedro.com.ar\/sitio\/wp-json\/wp\/v2\/comments?post=139363"}],"version-history":[{"count":1,"href":"https:\/\/eldiariodesanpedro.com.ar\/sitio\/wp-json\/wp\/v2\/posts\/139363\/revisions"}],"predecessor-version":[{"id":139365,"href":"https:\/\/eldiariodesanpedro.com.ar\/sitio\/wp-json\/wp\/v2\/posts\/139363\/revisions\/139365"}],"wp:featuredmedia":[{"embeddable":true,"href":"https:\/\/eldiariodesanpedro.com.ar\/sitio\/wp-json\/wp\/v2\/media\/139364"}],"wp:attachment":[{"href":"https:\/\/eldiariodesanpedro.com.ar\/sitio\/wp-json\/wp\/v2\/media?parent=139363"}],"wp:term":[{"taxonomy":"category","embeddable":true,"href":"https:\/\/eldiariodesanpedro.com.ar\/sitio\/wp-json\/wp\/v2\/categories?post=139363"},{"taxonomy":"post_tag","embeddable":true,"href":"https:\/\/eldiariodesanpedro.com.ar\/sitio\/wp-json\/wp\/v2\/tags?post=139363"}],"curies":[{"name":"wp","href":"https:\/\/api.w.org\/{rel}","templated":true}]}}