{"id":139360,"date":"2025-04-17T11:15:49","date_gmt":"2025-04-17T14:15:49","guid":{"rendered":"https:\/\/eldiariodesanpedro.com.ar\/sitio\/?p=139360"},"modified":"2025-04-17T11:15:53","modified_gmt":"2025-04-17T14:15:53","slug":"todo-listo-para-el-rock-en-baradero-2025-artistas-horarios-y-novedades","status":"publish","type":"post","link":"https:\/\/eldiariodesanpedro.com.ar\/sitio\/todo-listo-para-el-rock-en-baradero-2025-artistas-horarios-y-novedades\/","title":{"rendered":"Todo listo para el Rock en Baradero 2025: artistas, horarios y novedades"},"content":{"rendered":"<!-- VideographyWP Plugin Message: Automatic video embedding prevented by plugin options. -->\n\n<p><strong>Este viernes 18 y s\u00e1bado 19 de abril<\/strong> se celebrar\u00e1 una nueva edici\u00f3n del <strong>festival Rock en Baradero 2025<\/strong>, uno de los encuentros m\u00e1s esperados del a\u00f1o por los fan\u00e1ticos del rock nacional.<\/p>\n\n\n\n<p>El evento tendr\u00e1 lugar en <strong>La Rep\u00fablica del Rock<\/strong> (anfiteatro Pedro Carossi y predios contiguos), y contar\u00e1 con una <strong>grilla de artistas de primer nivel distribuidos en cuatro escenarios<\/strong>. Adem\u00e1s, se confirm\u00f3 la implementaci\u00f3n del <strong>sistema PopMeals<\/strong> para mejorar la experiencia del p\u00fablico.<\/p>\n\n\n\n<h3 class=\"wp-block-heading\">Una programaci\u00f3n para todos los gustos<\/h3>\n\n\n\n<p>El <strong>viernes 18<\/strong>, subir\u00e1n al escenario artistas consagrados como <strong>Juanse, Guasones, Tipitos, Los Aut\u00e9nticos Decadentes, Conociendo Rusia y No Te Va Gustar<\/strong>, adem\u00e1s de bandas emergentes como <strong>Alan Sutton y las Criaturitas de la Ansiedad<\/strong> y <strong>Silvestre y La Naranja<\/strong>.<\/p>\n\n\n\n<p>El <strong>s\u00e1bado 19<\/strong>, el festival continuar\u00e1 con actuaciones de <strong>Bersuit, Damas Gratis, La Delio Valdez, Las Pastillas del Abuelo, Kapanga, El Kuelgue y Cruzando el Charco<\/strong>, entre muchos otros.<\/p>\n\n\n\n<h3 class=\"wp-block-heading\">Horarios confirmados<\/h3>\n\n\n\n<h4 class=\"wp-block-heading\"><strong>D\u00eda 1 \u2013 Viernes 18 de abril<\/strong><\/h4>\n\n\n\n<p><strong>ESCENARIO QUILMES:<\/strong><\/p>\n\n\n\n<ul class=\"wp-block-list\">\n<li>16:50 A 17:20 \u2013 <strong>Rocco Posca<\/strong><\/li>\n\n\n\n<li>17:50 A 18:20 \u2013 <strong>Koino Yokan<\/strong><\/li>\n\n\n\n<li>19:00 A 19:40 \u2013 <strong>Silvestre y La Naranja<\/strong><\/li>\n\n\n\n<li>20:50 A 21:40 \u2013 <strong>Conociendo Rusia<\/strong><\/li>\n\n\n\n<li>23:00 A 00:20 \u2013 <strong>No Te Va Gustar<\/strong><\/li>\n\n\n\n<li>01:00 A 02:00 \u2013 <strong>Los Aut\u00e9nticos Decadentes<\/strong><\/li>\n<\/ul>\n\n\n\n<p><strong>ESCENARIO JOHN FOOS:<\/strong><\/p>\n\n\n\n<ul class=\"wp-block-list\">\n<li>16:30 A 16:50 \u2013 <strong>Lapsus<\/strong><\/li>\n\n\n\n<li>17:20 A 17:50 \u2013 <strong>Pedro Pastor<\/strong><\/li>\n\n\n\n<li>18:20 A 19:00 \u2013 <strong>Beats Modernos<\/strong><\/li>\n\n\n\n<li>20:10 A 20:50 \u2013 <strong>Juanse<\/strong><\/li>\n\n\n\n<li>22:10 A 23:00 \u2013 <strong>Guasones<\/strong><\/li>\n\n\n\n<li>00:20 A 01:00 \u2013 <strong>Los Tipitos<\/strong><\/li>\n<\/ul>\n\n\n\n<p><strong>ESCENARIO DEL PARQUE:<\/strong><\/p>\n\n\n\n<ul class=\"wp-block-list\">\n<li>16:30 A 16:55 \u2013 <strong>Feli Ru\u00edz<\/strong><\/li>\n\n\n\n<li>17:15 A 17:40 \u2013 <strong>Reybruja<\/strong><\/li>\n\n\n\n<li>18:00 A 18:30 \u2013 <strong>Carmen S\u00e1nchez Viamonte<\/strong><\/li>\n\n\n\n<li>18:50 A 19:20 \u2013 <strong>Mr Kilombo<\/strong><\/li>\n\n\n\n<li>19:40 A 20:10 \u2013 <strong>Jaze<\/strong><\/li>\n\n\n\n<li>20:40 A 21:10 \u2013 <strong>1915<\/strong><\/li>\n\n\n\n<li>21:40 A 22:20 \u2013 <strong>Alan Sutton<\/strong><\/li>\n<\/ul>\n\n\n\n<p><strong>ESCENARIO AL R\u00cdO:<\/strong><\/p>\n\n\n\n<ul class=\"wp-block-list\">\n<li>13:00 A 13:30 \u2013 <strong>Abrazo Animal<\/strong><\/li>\n\n\n\n<li>13:45 A 14:15 \u2013 <strong>Las Temperas<\/strong><\/li>\n\n\n\n<li>14:30 A 15:00 \u2013 <strong>El\u00edas Ciambotti<\/strong><\/li>\n\n\n\n<li>15:15 A 15:45 \u2013 <strong>La Grecia<\/strong><\/li>\n\n\n\n<li>16:00 A 16:30 \u2013 <strong>Do Neurona<\/strong><\/li>\n\n\n\n<li>16:45 A 17:15 \u2013 <strong>Los Aspirantes<\/strong><\/li>\n\n\n\n<li>17:30 A 18:00 \u2013 <strong>Autos Robados<\/strong><\/li>\n<\/ul>\n\n\n\n<h4 class=\"wp-block-heading\"><strong>D\u00eda 2 \u2013 S\u00e1bado 19 de abril<\/strong><\/h4>\n\n\n\n<p><strong>ESCENARIO QUILMES:<\/strong><\/p>\n\n\n\n<ul class=\"wp-block-list\">\n<li>16:40 A 17:00 \u2013 <strong>Mono Loco<\/strong><\/li>\n\n\n\n<li>17:30 A 18:00 \u2013 <strong>La Mono<\/strong><\/li>\n\n\n\n<li>18:40 A 19:20 \u2013 <strong>Kapanga<\/strong><\/li>\n\n\n\n<li>20:40 A 21:30 \u2013 <strong>Nafta<\/strong><\/li>\n\n\n\n<li>22:50 A 23:50 \u2013 <strong>Las Pastillas del Abuelo<\/strong><\/li>\n\n\n\n<li>00:40 A 01:20 \u2013 <strong>Bersuit Vergarabat<\/strong><\/li>\n<\/ul>\n\n\n\n<p><strong>ESCENARIO JOHN FOOS:<\/strong><\/p>\n\n\n\n<ul class=\"wp-block-list\">\n<li>17:00 A 17:30 \u2013 <strong>Al7er<\/strong><\/li>\n\n\n\n<li>18:00 A 18:40 \u2013 <strong>Horcas<\/strong><\/li>\n\n\n\n<li>19:50 A 20:40 \u2013 <strong>Cruzando el Charco<\/strong><\/li>\n\n\n\n<li>22:00 A 22:50 \u2013 <strong>El Kuelgue<\/strong><\/li>\n\n\n\n<li>23:50 A 00:40 \u2013 <strong>La Delio Valdez<\/strong><\/li>\n\n\n\n<li>01:20 A 02:00 \u2013 <strong>Damas Gratis<\/strong><\/li>\n<\/ul>\n\n\n\n<p><strong>ESCENARIO DEL PARQUE:<\/strong><\/p>\n\n\n\n<ul class=\"wp-block-list\">\n<li>16:30 A 16:55 \u2013 <strong>The Band<\/strong><\/li>\n\n\n\n<li>17:15 A 17:40 \u2013 <strong>Vulka<\/strong><\/li>\n\n\n\n<li>18:00 A 18:30 \u2013 <strong>Daniela Milagros<\/strong><\/li>\n\n\n\n<li>18:50 A 19:20 \u2013 <strong>Ainda<\/strong><\/li>\n\n\n\n<li>19:40 A 20:10 \u2013 <strong>Juana Rozas<\/strong><\/li>\n\n\n\n<li>20:40 A 21:10 \u2013 <strong>Marttein<\/strong><\/li>\n\n\n\n<li>21:40 A 22:20 \u2013 <strong>Un Muerto M\u00e1s<\/strong><\/li>\n<\/ul>\n\n\n\n<p><strong>ESCENARIO AL R\u00cdO:<\/strong><\/p>\n\n\n\n<ul class=\"wp-block-list\">\n<li>13:45 A 14:15 \u2013 <strong>Joaqu\u00edn Bressan<\/strong><\/li>\n\n\n\n<li>14:30 A 15:00 \u2013 <strong>Fafo<\/strong><\/li>\n\n\n\n<li>15:15 A 15:45 \u2013 <strong>David Tagger<\/strong><\/li>\n\n\n\n<li>16:00 A 16:30 \u2013 <strong>El Nota<\/strong><\/li>\n\n\n\n<li>16:45 A 17:15 \u2013 <strong>La Medianera<\/strong><\/li>\n\n\n\n<li>17:30 A 18:00 \u2013 <strong>Rey Garufa<\/strong><\/li>\n<\/ul>\n\n\n\n<h3 class=\"wp-block-heading\">Tecnolog\u00eda al servicio del p\u00fablico: PopMeals<\/h3>\n\n\n\n<p>Para facilitar las compras dentro del predio, el festival incorpora el <strong>sistema PopMeals<\/strong>, una <strong>billetera virtual<\/strong> que permite pagar mediante un <strong>c\u00f3digo QR<\/strong>. Los asistentes podr\u00e1n <strong>cargar saldo previamente<\/strong> desde la web oficial <a class=\"\" href=\"http:\/\/www.popmeals.net\">www.popmeals.net<\/a>, y <strong>recuperar el dinero no utilizado<\/strong> una vez finalizado el evento.<\/p>\n","protected":false},"excerpt":{"rendered":"<p>Este viernes 18 y s\u00e1bado 19 de abril se celebrar\u00e1 una nueva edici\u00f3n del festival Rock en Baradero 2025, uno de los encuentros m\u00e1s esperados del a\u00f1o por los fan\u00e1ticos del rock nacional. El evento tendr\u00e1 lugar en La Rep\u00fablica del Rock (anfiteatro Pedro Carossi y predios contiguos), y contar\u00e1 con una grilla de artistas [&hellip;]<\/p>\n","protected":false},"author":4,"featured_media":139361,"comment_status":"closed","ping_status":"closed","sticky":false,"template":"","format":"standard","meta":{"om_disable_all_campaigns":false,"_jetpack_memberships_contains_paid_content":false,"footnotes":""},"categories":[50,101,2],"tags":[],"class_list":["post-139360","post","type-post","status-publish","format-standard","has-post-thumbnail","hentry","category-destacadas","category-interes-general-locales","category-locales"],"aioseo_notices":[],"gutentor_comment":0,"jetpack_featured_media_url":"https:\/\/eldiariodesanpedro.com.ar\/sitio\/wp-content\/uploads\/2025\/04\/medida-1-68.jpg","jetpack_shortlink":"https:\/\/wp.me\/p6RhLt-AfK","jetpack_sharing_enabled":true,"_links":{"self":[{"href":"https:\/\/eldiariodesanpedro.com.ar\/sitio\/wp-json\/wp\/v2\/posts\/139360","targetHints":{"allow":["GET"]}}],"collection":[{"href":"https:\/\/eldiariodesanpedro.com.ar\/sitio\/wp-json\/wp\/v2\/posts"}],"about":[{"href":"https:\/\/eldiariodesanpedro.com.ar\/sitio\/wp-json\/wp\/v2\/types\/post"}],"author":[{"embeddable":true,"href":"https:\/\/eldiariodesanpedro.com.ar\/sitio\/wp-json\/wp\/v2\/users\/4"}],"replies":[{"embeddable":true,"href":"https:\/\/eldiariodesanpedro.com.ar\/sitio\/wp-json\/wp\/v2\/comments?post=139360"}],"version-history":[{"count":1,"href":"https:\/\/eldiariodesanpedro.com.ar\/sitio\/wp-json\/wp\/v2\/posts\/139360\/revisions"}],"predecessor-version":[{"id":139362,"href":"https:\/\/eldiariodesanpedro.com.ar\/sitio\/wp-json\/wp\/v2\/posts\/139360\/revisions\/139362"}],"wp:featuredmedia":[{"embeddable":true,"href":"https:\/\/eldiariodesanpedro.com.ar\/sitio\/wp-json\/wp\/v2\/media\/139361"}],"wp:attachment":[{"href":"https:\/\/eldiariodesanpedro.com.ar\/sitio\/wp-json\/wp\/v2\/media?parent=139360"}],"wp:term":[{"taxonomy":"category","embeddable":true,"href":"https:\/\/eldiariodesanpedro.com.ar\/sitio\/wp-json\/wp\/v2\/categories?post=139360"},{"taxonomy":"post_tag","embeddable":true,"href":"https:\/\/eldiariodesanpedro.com.ar\/sitio\/wp-json\/wp\/v2\/tags?post=139360"}],"curies":[{"name":"wp","href":"https:\/\/api.w.org\/{rel}","templated":true}]}}