{"id":139355,"date":"2025-04-17T10:26:07","date_gmt":"2025-04-17T13:26:07","guid":{"rendered":"https:\/\/eldiariodesanpedro.com.ar\/sitio\/?p=139355"},"modified":"2025-04-17T10:26:11","modified_gmt":"2025-04-17T13:26:11","slug":"autoridades-municipales-y-comerciantes-analizaron-el-panorama-de-seguridad-en-san-pedro","status":"publish","type":"post","link":"https:\/\/eldiariodesanpedro.com.ar\/sitio\/autoridades-municipales-y-comerciantes-analizaron-el-panorama-de-seguridad-en-san-pedro\/","title":{"rendered":"Autoridades municipales y comerciantes analizaron el panorama de seguridad en San Pedro"},"content":{"rendered":"<!-- VideographyWP Plugin Message: Automatic video embedding prevented by plugin options. -->\n\n<p><strong>En el Centro de Comercio, Industria y Turismo de San Pedro<\/strong>, se llev\u00f3 a cabo una importante reuni\u00f3n entre <strong>autoridades municipales<\/strong>, <strong>comerciantes<\/strong> y <strong>empresarios locales<\/strong> con el objetivo de mantener el tema de la <strong>seguridad<\/strong> como prioridad en la agenda p\u00fablica.<\/p>\n\n\n\n<p>El encuentro, que tuvo lugar por iniciativa del municipio, respondi\u00f3 a una invitaci\u00f3n de los funcionarios para <strong>compartir un balance de las acciones desarrolladas en los \u00faltimos meses<\/strong> y <strong>recibir inquietudes<\/strong> de distintos sectores convocados.<\/p>\n\n\n\n<p>Participaron del encuentro <strong>miembros de la comisi\u00f3n directiva del Centro de Comercio<\/strong>, <strong>representantes de comercios, empresas, emprendimientos y profesionales<\/strong>, incluyendo a <strong>vecinos recientemente afectados por hechos delictivos<\/strong>. En representaci\u00f3n del municipio estuvieron presentes el <strong>Secretario de Seguridad, Carlos Farre<\/strong>, y el <strong>Secretario de Producci\u00f3n, Industria y Comercio, Ariel \u00c1lvarez<\/strong>.<\/p>\n\n\n\n<p>Durante la jornada, las autoridades presentaron un <strong>informe detallado sobre las medidas implementadas en seguridad<\/strong> y los <strong>planes a largo plazo<\/strong> en esta materia. Por su parte, los referentes del Centro de Comercio manifestaron <strong>preocupaciones no s\u00f3lo sobre delitos, sino tambi\u00e9n sobre el ordenamiento urbano de la ciudad<\/strong>.<\/p>\n\n\n\n<p>Uno de los temas m\u00e1s relevantes fue la <strong>necesidad de una ordenanza integral sobre tr\u00e1nsito<\/strong>, que incluya aspectos como la <strong>demarcaci\u00f3n de estacionamientos para motos<\/strong>, <strong>circulaci\u00f3n vehicular<\/strong>, <strong>zonas de carga y descarga<\/strong>, y la <strong>reorganizaci\u00f3n de calles<\/strong> en \u00e1reas afectadas por recientes cambios.<\/p>\n\n\n\n<p>Asimismo, se plante\u00f3 con urgencia la <strong>intervenci\u00f3n en el edificio de la ex terminal de \u00f3mnibus<\/strong>, cuyo estado de <strong>abandono<\/strong> y un <strong>reciente incendio<\/strong> han generado alarma entre los vecinos por los <strong>riesgos que representa<\/strong>.<\/p>\n\n\n\n<p>Las autoridades municipales <strong>se comprometieron a canalizar los planteos a las \u00e1reas correspondientes<\/strong>, mientras que desde el Centro de Comercio <strong>valoraron el espacio de di\u00e1logo<\/strong> y subrayaron la <strong>importancia de dar continuidad a estos encuentros<\/strong> para avanzar en <strong>soluciones concretas<\/strong>.<\/p>\n","protected":false},"excerpt":{"rendered":"<p>En el Centro de Comercio, Industria y Turismo de San Pedro, se llev\u00f3 a cabo una importante reuni\u00f3n entre autoridades municipales, comerciantes y empresarios locales con el objetivo de mantener el tema de la seguridad como prioridad en la agenda p\u00fablica. El encuentro, que tuvo lugar por iniciativa del municipio, respondi\u00f3 a una invitaci\u00f3n de [&hellip;]<\/p>\n","protected":false},"author":4,"featured_media":139356,"comment_status":"closed","ping_status":"closed","sticky":false,"template":"","format":"standard","meta":{"om_disable_all_campaigns":false,"_jetpack_memberships_contains_paid_content":false,"footnotes":""},"categories":[101,2],"tags":[],"class_list":["post-139355","post","type-post","status-publish","format-standard","has-post-thumbnail","hentry","category-interes-general-locales","category-locales"],"aioseo_notices":[],"gutentor_comment":0,"jetpack_featured_media_url":"https:\/\/eldiariodesanpedro.com.ar\/sitio\/wp-content\/uploads\/2025\/04\/ccit-seguridad_16042025-1.jpeg","jetpack_shortlink":"https:\/\/wp.me\/p6RhLt-AfF","jetpack_sharing_enabled":true,"_links":{"self":[{"href":"https:\/\/eldiariodesanpedro.com.ar\/sitio\/wp-json\/wp\/v2\/posts\/139355","targetHints":{"allow":["GET"]}}],"collection":[{"href":"https:\/\/eldiariodesanpedro.com.ar\/sitio\/wp-json\/wp\/v2\/posts"}],"about":[{"href":"https:\/\/eldiariodesanpedro.com.ar\/sitio\/wp-json\/wp\/v2\/types\/post"}],"author":[{"embeddable":true,"href":"https:\/\/eldiariodesanpedro.com.ar\/sitio\/wp-json\/wp\/v2\/users\/4"}],"replies":[{"embeddable":true,"href":"https:\/\/eldiariodesanpedro.com.ar\/sitio\/wp-json\/wp\/v2\/comments?post=139355"}],"version-history":[{"count":1,"href":"https:\/\/eldiariodesanpedro.com.ar\/sitio\/wp-json\/wp\/v2\/posts\/139355\/revisions"}],"predecessor-version":[{"id":139359,"href":"https:\/\/eldiariodesanpedro.com.ar\/sitio\/wp-json\/wp\/v2\/posts\/139355\/revisions\/139359"}],"wp:featuredmedia":[{"embeddable":true,"href":"https:\/\/eldiariodesanpedro.com.ar\/sitio\/wp-json\/wp\/v2\/media\/139356"}],"wp:attachment":[{"href":"https:\/\/eldiariodesanpedro.com.ar\/sitio\/wp-json\/wp\/v2\/media?parent=139355"}],"wp:term":[{"taxonomy":"category","embeddable":true,"href":"https:\/\/eldiariodesanpedro.com.ar\/sitio\/wp-json\/wp\/v2\/categories?post=139355"},{"taxonomy":"post_tag","embeddable":true,"href":"https:\/\/eldiariodesanpedro.com.ar\/sitio\/wp-json\/wp\/v2\/tags?post=139355"}],"curies":[{"name":"wp","href":"https:\/\/api.w.org\/{rel}","templated":true}]}}