{"id":139349,"date":"2025-04-16T17:08:23","date_gmt":"2025-04-16T20:08:23","guid":{"rendered":"https:\/\/eldiariodesanpedro.com.ar\/sitio\/?p=139349"},"modified":"2025-04-16T17:08:31","modified_gmt":"2025-04-16T20:08:31","slug":"dos-menores-fueron-aprehendidos-tras-sustraer-una-bicicleta-en-un-centro-educativo","status":"publish","type":"post","link":"https:\/\/eldiariodesanpedro.com.ar\/sitio\/dos-menores-fueron-aprehendidos-tras-sustraer-una-bicicleta-en-un-centro-educativo\/","title":{"rendered":"Dos menores fueron aprehendidos tras sustraer una bicicleta en un centro educativo"},"content":{"rendered":"<!-- VideographyWP Plugin Message: Automatic video embedding prevented by plugin options. -->\n\n<p><strong>Personal policial logr\u00f3 la aprehensi\u00f3n de dos menores de edad<\/strong>, en el d\u00eda de ayer por la tarde, luego de recibir una alerta y actuar de inmediato en la intersecci\u00f3n de <strong>Avenida Sarmiento y Rafael Obligado<\/strong>, en esta ciudad.<\/p>\n\n\n\n<p>Los adolescentes, <strong>de entre 14 y 16 a\u00f1os<\/strong>, fueron sorprendidos <strong>in fraganti mientras hu\u00edan<\/strong> tras haber <strong>escalado los tapiales perimetrales<\/strong> de un establecimiento educativo cercano. Ambos son <strong>reincidentes<\/strong> y llevaban en su poder una <strong>bicicleta color blanca, rodado 29<\/strong>, que hab\u00eda sido <strong>sustra\u00edda del interior del establecimiento<\/strong>. El rodado pertenece a un <strong>vecino de 20 a\u00f1os<\/strong>.<\/p>\n\n\n\n<p><strong>Intervino la UFI del Joven de San Nicol\u00e1s<\/strong>, que dispuso la <strong>notificaci\u00f3n de la causa por tentativa de hurto<\/strong> y la <strong>posterior entrega de los menores a sus progenitores<\/strong>. En cuanto a la bicicleta, fue <strong>restituida a la v\u00edctima<\/strong>.<\/p>\n","protected":false},"excerpt":{"rendered":"<p>Personal policial logr\u00f3 la aprehensi\u00f3n de dos menores de edad, en el d\u00eda de ayer por la tarde, luego de recibir una alerta y actuar de inmediato en la intersecci\u00f3n de Avenida Sarmiento y Rafael Obligado, en esta ciudad. Los adolescentes, de entre 14 y 16 a\u00f1os, fueron sorprendidos in fraganti mientras hu\u00edan tras haber [&hellip;]<\/p>\n","protected":false},"author":4,"featured_media":139350,"comment_status":"closed","ping_status":"closed","sticky":false,"template":"","format":"standard","meta":{"om_disable_all_campaigns":false,"_jetpack_memberships_contains_paid_content":false,"footnotes":""},"categories":[50,2,103],"tags":[],"class_list":["post-139349","post","type-post","status-publish","format-standard","has-post-thumbnail","hentry","category-destacadas","category-locales","category-policiales-locales"],"aioseo_notices":[],"gutentor_comment":0,"jetpack_featured_media_url":"https:\/\/eldiariodesanpedro.com.ar\/sitio\/wp-content\/uploads\/2025\/04\/medida-1-67.jpg","jetpack_shortlink":"https:\/\/wp.me\/p6RhLt-Afz","jetpack_sharing_enabled":true,"_links":{"self":[{"href":"https:\/\/eldiariodesanpedro.com.ar\/sitio\/wp-json\/wp\/v2\/posts\/139349","targetHints":{"allow":["GET"]}}],"collection":[{"href":"https:\/\/eldiariodesanpedro.com.ar\/sitio\/wp-json\/wp\/v2\/posts"}],"about":[{"href":"https:\/\/eldiariodesanpedro.com.ar\/sitio\/wp-json\/wp\/v2\/types\/post"}],"author":[{"embeddable":true,"href":"https:\/\/eldiariodesanpedro.com.ar\/sitio\/wp-json\/wp\/v2\/users\/4"}],"replies":[{"embeddable":true,"href":"https:\/\/eldiariodesanpedro.com.ar\/sitio\/wp-json\/wp\/v2\/comments?post=139349"}],"version-history":[{"count":1,"href":"https:\/\/eldiariodesanpedro.com.ar\/sitio\/wp-json\/wp\/v2\/posts\/139349\/revisions"}],"predecessor-version":[{"id":139351,"href":"https:\/\/eldiariodesanpedro.com.ar\/sitio\/wp-json\/wp\/v2\/posts\/139349\/revisions\/139351"}],"wp:featuredmedia":[{"embeddable":true,"href":"https:\/\/eldiariodesanpedro.com.ar\/sitio\/wp-json\/wp\/v2\/media\/139350"}],"wp:attachment":[{"href":"https:\/\/eldiariodesanpedro.com.ar\/sitio\/wp-json\/wp\/v2\/media?parent=139349"}],"wp:term":[{"taxonomy":"category","embeddable":true,"href":"https:\/\/eldiariodesanpedro.com.ar\/sitio\/wp-json\/wp\/v2\/categories?post=139349"},{"taxonomy":"post_tag","embeddable":true,"href":"https:\/\/eldiariodesanpedro.com.ar\/sitio\/wp-json\/wp\/v2\/tags?post=139349"}],"curies":[{"name":"wp","href":"https:\/\/api.w.org\/{rel}","templated":true}]}}