{"id":139346,"date":"2025-04-16T16:13:09","date_gmt":"2025-04-16T19:13:09","guid":{"rendered":"https:\/\/eldiariodesanpedro.com.ar\/sitio\/?p=139346"},"modified":"2025-04-16T16:13:13","modified_gmt":"2025-04-16T19:13:13","slug":"detenido-por-desobediencia-tras-orden-judicial-vigente-desde-2024","status":"publish","type":"post","link":"https:\/\/eldiariodesanpedro.com.ar\/sitio\/detenido-por-desobediencia-tras-orden-judicial-vigente-desde-2024\/","title":{"rendered":"Detenido por desobediencia tras orden judicial vigente desde 2024"},"content":{"rendered":"<!-- VideographyWP Plugin Message: Automatic video embedding prevented by plugin options. -->\n\n<p>En la tarde de ayer, <strong>personal del Gabinete Criminol\u00f3gico<\/strong> de esta dependencia, tras realizar diversas <strong>tareas investigativas<\/strong>, logr\u00f3 <strong>efectivizar la detenci\u00f3n<\/strong> de un hombre de <strong>50 a\u00f1os de edad<\/strong> en la calle <strong>Litoral al 700<\/strong>.<\/p>\n\n\n\n<p>La <strong>orden de captura judicial<\/strong>, emitida en el a\u00f1o <strong>2024<\/strong>, responde a una <strong>causa por desobediencia<\/strong> a requerimiento del <strong>Juzgado Correccional<\/strong>. Tras la aprehensi\u00f3n, el magistrado interviniente dispuso el <strong>alojamiento del detenido en el sector de calabozos<\/strong>, quedando a disposici\u00f3n de la Justicia.<\/p>\n","protected":false},"excerpt":{"rendered":"<p>En la tarde de ayer, personal del Gabinete Criminol\u00f3gico de esta dependencia, tras realizar diversas tareas investigativas, logr\u00f3 efectivizar la detenci\u00f3n de un hombre de 50 a\u00f1os de edad en la calle Litoral al 700. La orden de captura judicial, emitida en el a\u00f1o 2024, responde a una causa por desobediencia a requerimiento del Juzgado [&hellip;]<\/p>\n","protected":false},"author":4,"featured_media":139347,"comment_status":"closed","ping_status":"closed","sticky":false,"template":"","format":"standard","meta":{"om_disable_all_campaigns":false,"_jetpack_memberships_contains_paid_content":false,"footnotes":""},"categories":[101,2],"tags":[],"class_list":["post-139346","post","type-post","status-publish","format-standard","has-post-thumbnail","hentry","category-interes-general-locales","category-locales"],"aioseo_notices":[],"gutentor_comment":0,"jetpack_featured_media_url":"https:\/\/eldiariodesanpedro.com.ar\/sitio\/wp-content\/uploads\/2025\/04\/medida-1-66.jpg","jetpack_shortlink":"https:\/\/wp.me\/p6RhLt-Afw","jetpack_sharing_enabled":true,"_links":{"self":[{"href":"https:\/\/eldiariodesanpedro.com.ar\/sitio\/wp-json\/wp\/v2\/posts\/139346","targetHints":{"allow":["GET"]}}],"collection":[{"href":"https:\/\/eldiariodesanpedro.com.ar\/sitio\/wp-json\/wp\/v2\/posts"}],"about":[{"href":"https:\/\/eldiariodesanpedro.com.ar\/sitio\/wp-json\/wp\/v2\/types\/post"}],"author":[{"embeddable":true,"href":"https:\/\/eldiariodesanpedro.com.ar\/sitio\/wp-json\/wp\/v2\/users\/4"}],"replies":[{"embeddable":true,"href":"https:\/\/eldiariodesanpedro.com.ar\/sitio\/wp-json\/wp\/v2\/comments?post=139346"}],"version-history":[{"count":1,"href":"https:\/\/eldiariodesanpedro.com.ar\/sitio\/wp-json\/wp\/v2\/posts\/139346\/revisions"}],"predecessor-version":[{"id":139348,"href":"https:\/\/eldiariodesanpedro.com.ar\/sitio\/wp-json\/wp\/v2\/posts\/139346\/revisions\/139348"}],"wp:featuredmedia":[{"embeddable":true,"href":"https:\/\/eldiariodesanpedro.com.ar\/sitio\/wp-json\/wp\/v2\/media\/139347"}],"wp:attachment":[{"href":"https:\/\/eldiariodesanpedro.com.ar\/sitio\/wp-json\/wp\/v2\/media?parent=139346"}],"wp:term":[{"taxonomy":"category","embeddable":true,"href":"https:\/\/eldiariodesanpedro.com.ar\/sitio\/wp-json\/wp\/v2\/categories?post=139346"},{"taxonomy":"post_tag","embeddable":true,"href":"https:\/\/eldiariodesanpedro.com.ar\/sitio\/wp-json\/wp\/v2\/tags?post=139346"}],"curies":[{"name":"wp","href":"https:\/\/api.w.org\/{rel}","templated":true}]}}