{"id":139343,"date":"2025-04-16T15:44:08","date_gmt":"2025-04-16T18:44:08","guid":{"rendered":"https:\/\/eldiariodesanpedro.com.ar\/sitio\/?p=139343"},"modified":"2025-04-16T15:44:12","modified_gmt":"2025-04-16T18:44:12","slug":"aprehendido-sujeto-con-pedido-de-captura-activo-desde-2016-en-rio-tala","status":"publish","type":"post","link":"https:\/\/eldiariodesanpedro.com.ar\/sitio\/aprehendido-sujeto-con-pedido-de-captura-activo-desde-2016-en-rio-tala\/","title":{"rendered":"Aprehendido sujeto con pedido de captura activo desde 2016 en R\u00edo Tala"},"content":{"rendered":"<!-- VideographyWP Plugin Message: Automatic video embedding prevented by plugin options. -->\n\n<p>En el d\u00eda de ayer, en horas de la tarde, <strong>personal policial de la localidad de R\u00edo Tala<\/strong> procedi\u00f3 a la <strong>aprehensi\u00f3n de un hombre de 36 a\u00f1os de edad<\/strong>, durante una recorrida de rutina.<\/p>\n\n\n\n<p>Tras realizar la correspondiente identificaci\u00f3n, se constat\u00f3 que el individuo <strong>registraba un pedido de paradero activo desde el a\u00f1o 2016<\/strong>, emitido por el <strong>Juzgado Nacional en lo Criminal<\/strong>, bajo una <strong>car\u00e1tula de \u201cEstafa\u201d<\/strong>.<\/p>\n\n\n\n<p>El aprehendido qued\u00f3 a disposici\u00f3n de las autoridades judiciales correspondientes, mientras se contin\u00faan las actuaciones legales de rigor.<\/p>\n","protected":false},"excerpt":{"rendered":"<p>En el d\u00eda de ayer, en horas de la tarde, personal policial de la localidad de R\u00edo Tala procedi\u00f3 a la aprehensi\u00f3n de un hombre de 36 a\u00f1os de edad, durante una recorrida de rutina. Tras realizar la correspondiente identificaci\u00f3n, se constat\u00f3 que el individuo registraba un pedido de paradero activo desde el a\u00f1o 2016, [&hellip;]<\/p>\n","protected":false},"author":4,"featured_media":139344,"comment_status":"closed","ping_status":"closed","sticky":false,"template":"","format":"standard","meta":{"om_disable_all_campaigns":false,"_jetpack_memberships_contains_paid_content":false,"footnotes":""},"categories":[2,103],"tags":[],"class_list":["post-139343","post","type-post","status-publish","format-standard","has-post-thumbnail","hentry","category-locales","category-policiales-locales"],"aioseo_notices":[],"gutentor_comment":0,"jetpack_featured_media_url":"https:\/\/eldiariodesanpedro.com.ar\/sitio\/wp-content\/uploads\/2025\/04\/medida-1-65.jpg","jetpack_shortlink":"https:\/\/wp.me\/p6RhLt-Aft","jetpack_sharing_enabled":true,"_links":{"self":[{"href":"https:\/\/eldiariodesanpedro.com.ar\/sitio\/wp-json\/wp\/v2\/posts\/139343","targetHints":{"allow":["GET"]}}],"collection":[{"href":"https:\/\/eldiariodesanpedro.com.ar\/sitio\/wp-json\/wp\/v2\/posts"}],"about":[{"href":"https:\/\/eldiariodesanpedro.com.ar\/sitio\/wp-json\/wp\/v2\/types\/post"}],"author":[{"embeddable":true,"href":"https:\/\/eldiariodesanpedro.com.ar\/sitio\/wp-json\/wp\/v2\/users\/4"}],"replies":[{"embeddable":true,"href":"https:\/\/eldiariodesanpedro.com.ar\/sitio\/wp-json\/wp\/v2\/comments?post=139343"}],"version-history":[{"count":1,"href":"https:\/\/eldiariodesanpedro.com.ar\/sitio\/wp-json\/wp\/v2\/posts\/139343\/revisions"}],"predecessor-version":[{"id":139345,"href":"https:\/\/eldiariodesanpedro.com.ar\/sitio\/wp-json\/wp\/v2\/posts\/139343\/revisions\/139345"}],"wp:featuredmedia":[{"embeddable":true,"href":"https:\/\/eldiariodesanpedro.com.ar\/sitio\/wp-json\/wp\/v2\/media\/139344"}],"wp:attachment":[{"href":"https:\/\/eldiariodesanpedro.com.ar\/sitio\/wp-json\/wp\/v2\/media?parent=139343"}],"wp:term":[{"taxonomy":"category","embeddable":true,"href":"https:\/\/eldiariodesanpedro.com.ar\/sitio\/wp-json\/wp\/v2\/categories?post=139343"},{"taxonomy":"post_tag","embeddable":true,"href":"https:\/\/eldiariodesanpedro.com.ar\/sitio\/wp-json\/wp\/v2\/tags?post=139343"}],"curies":[{"name":"wp","href":"https:\/\/api.w.org\/{rel}","templated":true}]}}