{"id":139337,"date":"2025-04-16T15:02:24","date_gmt":"2025-04-16T18:02:24","guid":{"rendered":"https:\/\/eldiariodesanpedro.com.ar\/sitio\/?p=139337"},"modified":"2025-04-16T15:02:29","modified_gmt":"2025-04-16T18:02:29","slug":"la-municipalidad-de-san-pedro-realizo-un-abordaje-territorial-en-vuelta-de-obligado","status":"publish","type":"post","link":"https:\/\/eldiariodesanpedro.com.ar\/sitio\/la-municipalidad-de-san-pedro-realizo-un-abordaje-territorial-en-vuelta-de-obligado\/","title":{"rendered":"La Municipalidad de San Pedro realiz\u00f3 un abordaje territorial en Vuelta de Obligado"},"content":{"rendered":"<!-- VideographyWP Plugin Message: Automatic video embedding prevented by plugin options. -->\n\n<p><strong>La Municipalidad de San Pedro<\/strong>, a trav\u00e9s de la <strong>Secretar\u00eda de Desarrollo de la Comunidad<\/strong>, llev\u00f3 adelante un <strong>abordaje territorial<\/strong> en la localidad de <strong>Vuelta de Obligado<\/strong>, con el objetivo de <strong>acercar recursos, realizar un relevamiento integral y brindar acompa\u00f1amiento directo a las familias<\/strong> de la zona.<\/p>\n\n\n\n<p>La jornada se desarroll\u00f3 <strong>este mi\u00e9rcoles<\/strong> y cont\u00f3 con la participaci\u00f3n del <strong>Secretario de Desarrollo de la Comunidad, Walter S\u00e1nchez<\/strong>; el <strong>Secretario de Modernizaci\u00f3n y Coordinaci\u00f3n, Luciano Arias<\/strong>; el <strong>Director de Asistencia Directa, Jos\u00e9 Franchini<\/strong>; y el <strong>responsable del \u00e1rea de Discapacidad, Juan Carlos Mari\u00f1o<\/strong>. El trabajo fue articulado con la <strong>Subdelegaci\u00f3n de Vuelta de Obligado<\/strong>, a cargo de <strong>Hugo Borda<\/strong>, quien <strong>identific\u00f3 previamente a las familias con mayores necesidades<\/strong>.<\/p>\n\n\n\n<p>El operativo incluy\u00f3 un <strong>relevamiento casa por casa<\/strong>, especialmente en el sector conocido como <strong>\u201cLa Salamanca\u201d<\/strong>, en la zona de <strong>Barrancas<\/strong>, y se extendi\u00f3 a <strong>distintos sectores de la localidad<\/strong>, abarcando a <strong>toda la comunidad<\/strong>.<\/p>\n\n\n\n<p><strong>Este tipo de intervenciones refuerzan la presencia del Estado municipal en el territorio<\/strong>, permitiendo <strong>atender situaciones de vulnerabilidad social<\/strong> a trav\u00e9s de <strong>acciones concretas que surgen del contacto directo con los vecinos y vecinas<\/strong>.<\/p>\n\n\n\n<div class=\"wp-block-jetpack-slideshow aligncenter\" data-effect=\"slide\"><div class=\"wp-block-jetpack-slideshow_container swiper-container\"><ul class=\"wp-block-jetpack-slideshow_swiper-wrapper swiper-wrapper\"><li class=\"wp-block-jetpack-slideshow_slide swiper-slide\"><figure><img decoding=\"async\" width=\"1024\" height=\"575\" alt=\"\" class=\"wp-block-jetpack-slideshow_image wp-image-139341 lazyload\" data-id=\"139341\" data-src=\"https:\/\/eldiariodesanpedro.com.ar\/sitio\/wp-content\/uploads\/2025\/04\/Imagen-de-WhatsApp-2025-04-16-a-las-13.09.53_ddca0bb3-1024x575.jpg\" data-srcset=\"https:\/\/eldiariodesanpedro.com.ar\/sitio\/wp-content\/uploads\/2025\/04\/Imagen-de-WhatsApp-2025-04-16-a-las-13.09.53_ddca0bb3-1024x575.jpg 1024w, https:\/\/eldiariodesanpedro.com.ar\/sitio\/wp-content\/uploads\/2025\/04\/Imagen-de-WhatsApp-2025-04-16-a-las-13.09.53_ddca0bb3-300x169.jpg 300w, https:\/\/eldiariodesanpedro.com.ar\/sitio\/wp-content\/uploads\/2025\/04\/Imagen-de-WhatsApp-2025-04-16-a-las-13.09.53_ddca0bb3-768x432.jpg 768w, https:\/\/eldiariodesanpedro.com.ar\/sitio\/wp-content\/uploads\/2025\/04\/Imagen-de-WhatsApp-2025-04-16-a-las-13.09.53_ddca0bb3.jpg 1121w\" data-sizes=\"(max-width: 1024px) 100vw, 1024px\" src=\"data:image\/svg+xml;base64,PHN2ZyB3aWR0aD0iMSIgaGVpZ2h0PSIxIiB4bWxucz0iaHR0cDovL3d3dy53My5vcmcvMjAwMC9zdmciPjwvc3ZnPg==\" style=\"--smush-placeholder-width: 1024px; --smush-placeholder-aspect-ratio: 1024\/575;\" \/><\/figure><\/li><li class=\"wp-block-jetpack-slideshow_slide swiper-slide\"><figure><img decoding=\"async\" width=\"1024\" height=\"575\" alt=\"\" class=\"wp-block-jetpack-slideshow_image wp-image-139340 lazyload\" data-id=\"139340\" data-src=\"https:\/\/eldiariodesanpedro.com.ar\/sitio\/wp-content\/uploads\/2025\/04\/Imagen-de-WhatsApp-2025-04-16-a-las-13.09.52_fa4bdaab-1024x575.jpg\" data-srcset=\"https:\/\/eldiariodesanpedro.com.ar\/sitio\/wp-content\/uploads\/2025\/04\/Imagen-de-WhatsApp-2025-04-16-a-las-13.09.52_fa4bdaab-1024x575.jpg 1024w, https:\/\/eldiariodesanpedro.com.ar\/sitio\/wp-content\/uploads\/2025\/04\/Imagen-de-WhatsApp-2025-04-16-a-las-13.09.52_fa4bdaab-300x169.jpg 300w, https:\/\/eldiariodesanpedro.com.ar\/sitio\/wp-content\/uploads\/2025\/04\/Imagen-de-WhatsApp-2025-04-16-a-las-13.09.52_fa4bdaab-768x432.jpg 768w, https:\/\/eldiariodesanpedro.com.ar\/sitio\/wp-content\/uploads\/2025\/04\/Imagen-de-WhatsApp-2025-04-16-a-las-13.09.52_fa4bdaab.jpg 1121w\" data-sizes=\"(max-width: 1024px) 100vw, 1024px\" src=\"data:image\/svg+xml;base64,PHN2ZyB3aWR0aD0iMSIgaGVpZ2h0PSIxIiB4bWxucz0iaHR0cDovL3d3dy53My5vcmcvMjAwMC9zdmciPjwvc3ZnPg==\" style=\"--smush-placeholder-width: 1024px; --smush-placeholder-aspect-ratio: 1024\/575;\" \/><\/figure><\/li><li class=\"wp-block-jetpack-slideshow_slide swiper-slide\"><figure><img decoding=\"async\" width=\"1024\" height=\"517\" alt=\"\" class=\"wp-block-jetpack-slideshow_image wp-image-139339 lazyload\" data-id=\"139339\" data-src=\"https:\/\/eldiariodesanpedro.com.ar\/sitio\/wp-content\/uploads\/2025\/04\/Imagen-de-WhatsApp-2025-04-16-a-las-13.09.52_585da0f9-1024x517.jpg\" data-srcset=\"https:\/\/eldiariodesanpedro.com.ar\/sitio\/wp-content\/uploads\/2025\/04\/Imagen-de-WhatsApp-2025-04-16-a-las-13.09.52_585da0f9-1024x517.jpg 1024w, https:\/\/eldiariodesanpedro.com.ar\/sitio\/wp-content\/uploads\/2025\/04\/Imagen-de-WhatsApp-2025-04-16-a-las-13.09.52_585da0f9-300x152.jpg 300w, https:\/\/eldiariodesanpedro.com.ar\/sitio\/wp-content\/uploads\/2025\/04\/Imagen-de-WhatsApp-2025-04-16-a-las-13.09.52_585da0f9-768x388.jpg 768w, https:\/\/eldiariodesanpedro.com.ar\/sitio\/wp-content\/uploads\/2025\/04\/Imagen-de-WhatsApp-2025-04-16-a-las-13.09.52_585da0f9.jpg 1200w\" data-sizes=\"(max-width: 1024px) 100vw, 1024px\" src=\"data:image\/svg+xml;base64,PHN2ZyB3aWR0aD0iMSIgaGVpZ2h0PSIxIiB4bWxucz0iaHR0cDovL3d3dy53My5vcmcvMjAwMC9zdmciPjwvc3ZnPg==\" style=\"--smush-placeholder-width: 1024px; --smush-placeholder-aspect-ratio: 1024\/517;\" \/><\/figure><\/li><li class=\"wp-block-jetpack-slideshow_slide swiper-slide\"><figure><img decoding=\"async\" width=\"1024\" height=\"575\" alt=\"\" class=\"wp-block-jetpack-slideshow_image wp-image-139338 lazyload\" data-id=\"139338\" data-src=\"https:\/\/eldiariodesanpedro.com.ar\/sitio\/wp-content\/uploads\/2025\/04\/Imagen-de-WhatsApp-2025-04-16-a-las-13.09.51_eb0ee14b-1024x575.jpg\" data-srcset=\"https:\/\/eldiariodesanpedro.com.ar\/sitio\/wp-content\/uploads\/2025\/04\/Imagen-de-WhatsApp-2025-04-16-a-las-13.09.51_eb0ee14b-1024x575.jpg 1024w, https:\/\/eldiariodesanpedro.com.ar\/sitio\/wp-content\/uploads\/2025\/04\/Imagen-de-WhatsApp-2025-04-16-a-las-13.09.51_eb0ee14b-300x169.jpg 300w, https:\/\/eldiariodesanpedro.com.ar\/sitio\/wp-content\/uploads\/2025\/04\/Imagen-de-WhatsApp-2025-04-16-a-las-13.09.51_eb0ee14b-768x432.jpg 768w, https:\/\/eldiariodesanpedro.com.ar\/sitio\/wp-content\/uploads\/2025\/04\/Imagen-de-WhatsApp-2025-04-16-a-las-13.09.51_eb0ee14b.jpg 1121w\" data-sizes=\"(max-width: 1024px) 100vw, 1024px\" src=\"data:image\/svg+xml;base64,PHN2ZyB3aWR0aD0iMSIgaGVpZ2h0PSIxIiB4bWxucz0iaHR0cDovL3d3dy53My5vcmcvMjAwMC9zdmciPjwvc3ZnPg==\" style=\"--smush-placeholder-width: 1024px; --smush-placeholder-aspect-ratio: 1024\/575;\" \/><\/figure><\/li><\/ul><a class=\"wp-block-jetpack-slideshow_button-prev swiper-button-prev swiper-button-white\" role=\"button\"><\/a><a class=\"wp-block-jetpack-slideshow_button-next swiper-button-next swiper-button-white\" role=\"button\"><\/a><a aria-label=\"Pause Slideshow\" class=\"wp-block-jetpack-slideshow_button-pause\" role=\"button\"><\/a><div class=\"wp-block-jetpack-slideshow_pagination swiper-pagination swiper-pagination-white\"><\/div><\/div><\/div>\n","protected":false},"excerpt":{"rendered":"<p>La Municipalidad de San Pedro, a trav\u00e9s de la Secretar\u00eda de Desarrollo de la Comunidad, llev\u00f3 adelante un abordaje territorial en la localidad de Vuelta de Obligado, con el objetivo de acercar recursos, realizar un relevamiento integral y brindar acompa\u00f1amiento directo a las familias de la zona. La jornada se desarroll\u00f3 este mi\u00e9rcoles y cont\u00f3 [&hellip;]<\/p>\n","protected":false},"author":4,"featured_media":139339,"comment_status":"closed","ping_status":"closed","sticky":false,"template":"","format":"standard","meta":{"om_disable_all_campaigns":false,"_jetpack_memberships_contains_paid_content":false,"footnotes":""},"categories":[50,101,2],"tags":[],"class_list":["post-139337","post","type-post","status-publish","format-standard","has-post-thumbnail","hentry","category-destacadas","category-interes-general-locales","category-locales"],"aioseo_notices":[],"gutentor_comment":0,"jetpack_featured_media_url":"https:\/\/eldiariodesanpedro.com.ar\/sitio\/wp-content\/uploads\/2025\/04\/Imagen-de-WhatsApp-2025-04-16-a-las-13.09.52_585da0f9.jpg","jetpack_shortlink":"https:\/\/wp.me\/p6RhLt-Afn","jetpack_sharing_enabled":true,"_links":{"self":[{"href":"https:\/\/eldiariodesanpedro.com.ar\/sitio\/wp-json\/wp\/v2\/posts\/139337","targetHints":{"allow":["GET"]}}],"collection":[{"href":"https:\/\/eldiariodesanpedro.com.ar\/sitio\/wp-json\/wp\/v2\/posts"}],"about":[{"href":"https:\/\/eldiariodesanpedro.com.ar\/sitio\/wp-json\/wp\/v2\/types\/post"}],"author":[{"embeddable":true,"href":"https:\/\/eldiariodesanpedro.com.ar\/sitio\/wp-json\/wp\/v2\/users\/4"}],"replies":[{"embeddable":true,"href":"https:\/\/eldiariodesanpedro.com.ar\/sitio\/wp-json\/wp\/v2\/comments?post=139337"}],"version-history":[{"count":1,"href":"https:\/\/eldiariodesanpedro.com.ar\/sitio\/wp-json\/wp\/v2\/posts\/139337\/revisions"}],"predecessor-version":[{"id":139342,"href":"https:\/\/eldiariodesanpedro.com.ar\/sitio\/wp-json\/wp\/v2\/posts\/139337\/revisions\/139342"}],"wp:featuredmedia":[{"embeddable":true,"href":"https:\/\/eldiariodesanpedro.com.ar\/sitio\/wp-json\/wp\/v2\/media\/139339"}],"wp:attachment":[{"href":"https:\/\/eldiariodesanpedro.com.ar\/sitio\/wp-json\/wp\/v2\/media?parent=139337"}],"wp:term":[{"taxonomy":"category","embeddable":true,"href":"https:\/\/eldiariodesanpedro.com.ar\/sitio\/wp-json\/wp\/v2\/categories?post=139337"},{"taxonomy":"post_tag","embeddable":true,"href":"https:\/\/eldiariodesanpedro.com.ar\/sitio\/wp-json\/wp\/v2\/tags?post=139337"}],"curies":[{"name":"wp","href":"https:\/\/api.w.org\/{rel}","templated":true}]}}