{"id":139332,"date":"2025-04-16T14:32:44","date_gmt":"2025-04-16T17:32:44","guid":{"rendered":"https:\/\/eldiariodesanpedro.com.ar\/sitio\/?p=139332"},"modified":"2025-04-16T14:32:48","modified_gmt":"2025-04-16T17:32:48","slug":"nueva-etapa-de-refaccion-en-el-hogar-sarmiento-se-realizo-la-apertura-de-sobres-para-la-licitacion","status":"publish","type":"post","link":"https:\/\/eldiariodesanpedro.com.ar\/sitio\/nueva-etapa-de-refaccion-en-el-hogar-sarmiento-se-realizo-la-apertura-de-sobres-para-la-licitacion\/","title":{"rendered":"Nueva etapa de refacci\u00f3n en el Hogar Sarmiento: se realiz\u00f3 la apertura de sobres para la licitaci\u00f3n"},"content":{"rendered":"<!-- VideographyWP Plugin Message: Automatic video embedding prevented by plugin options. -->\n\n<p>Esta ma\u00f1ana, en la Secretar\u00eda de Econom\u00eda y Hacienda, se realiz\u00f3 la apertura de sobres correspondiente a la licitaci\u00f3n privada para la segunda etapa de la obra de remodelaci\u00f3n integral del Hogar Sarmiento, con una inversi\u00f3n estimada de 84 millones de pesos.<\/p>\n\n\n\n<p>Esta segunda etapa contempla la remodelaci\u00f3n completa de los dormitorios, que incluir\u00e1n ba\u00f1os individuales, la refacci\u00f3n de una galer\u00eda y la construcci\u00f3n de un quincho. Se trata de una obra largamente esperada para mejorar la calidad de vida de los ni\u00f1os y ni\u00f1as alojados en el establecimiento, adapt\u00e1ndolo a un entorno m\u00e1s cercano a una vivienda familiar.<\/p>\n\n\n\n<p>El proyecto es financiado con fondos provinciales del Fondo de Inclusi\u00f3n Social, que la Secretar\u00eda de Desarrollo de la Comunidad viene administrando cuidadosamente. Adem\u00e1s, el Ministerio de Desarrollo de la Comunidad de la Provincia de Buenos Aires acompa\u00f1a con subsidios destinados a la adquisici\u00f3n de materiales sanitarios, grifer\u00eda, revestimientos, aires acondicionados y aberturas.<\/p>\n\n\n\n<p>Esta iniciativa representa un nuevo paso en el compromiso del Gobierno Municipal, encabezado por el Intendente Cecilio Salazar, con la mejora continua de los espacios destinados a la protecci\u00f3n y cuidado de ni\u00f1os, ni\u00f1as y adolescentes, promoviendo procesos transparentes y abiertos, al que nuevamente se present\u00f3 un n\u00famero importante de oferentes, algo que no ocurr\u00eda con frecuencia en licitaciones anteriores, lo que demuestra una mayor confianza en los procesos y una clara apuesta por la transparencia y el trabajo con proveedores locales, garantizan el uso adecuado de los recursos p\u00fablicos.<\/p>\n\n\n\n<p>Participaron del acto el Secretario de Econom\u00eda y Hacienda, Roberto Borgo; el Secretario de Desarrollo de la Comunidad, Walter S\u00e1nchez; la Directora de Legal y T\u00e9cnica, Viviana Costa; la Directora de Contadur\u00eda, Mariana Giosa; el Jefe de Compras, Osvaldo \u00c1lvarez; el Coordinador del Servicio Local de Promoci\u00f3n y Protecci\u00f3n de los Derechos de Ni\u00f1os, Ni\u00f1as y Adolescentes, Andr\u00e9s Chiarella, y representantes de las cuatro empresas oferentes.<\/p>\n\n\n\n<div class=\"wp-block-jetpack-slideshow aligncenter\" data-effect=\"slide\"><div class=\"wp-block-jetpack-slideshow_container swiper-container\"><ul class=\"wp-block-jetpack-slideshow_swiper-wrapper swiper-wrapper\"><li class=\"wp-block-jetpack-slideshow_slide swiper-slide\"><figure><img decoding=\"async\" width=\"946\" height=\"630\" alt=\"\" class=\"wp-block-jetpack-slideshow_image wp-image-139334 lazyload\" data-id=\"139334\" data-src=\"https:\/\/eldiariodesanpedro.com.ar\/sitio\/wp-content\/uploads\/2025\/04\/Imagen-de-WhatsApp-2025-04-16-a-las-12.25.58_2bb41ae1.jpg\" data-srcset=\"https:\/\/eldiariodesanpedro.com.ar\/sitio\/wp-content\/uploads\/2025\/04\/Imagen-de-WhatsApp-2025-04-16-a-las-12.25.58_2bb41ae1.jpg 946w, https:\/\/eldiariodesanpedro.com.ar\/sitio\/wp-content\/uploads\/2025\/04\/Imagen-de-WhatsApp-2025-04-16-a-las-12.25.58_2bb41ae1-300x200.jpg 300w, https:\/\/eldiariodesanpedro.com.ar\/sitio\/wp-content\/uploads\/2025\/04\/Imagen-de-WhatsApp-2025-04-16-a-las-12.25.58_2bb41ae1-768x511.jpg 768w\" data-sizes=\"(max-width: 946px) 100vw, 946px\" src=\"data:image\/svg+xml;base64,PHN2ZyB3aWR0aD0iMSIgaGVpZ2h0PSIxIiB4bWxucz0iaHR0cDovL3d3dy53My5vcmcvMjAwMC9zdmciPjwvc3ZnPg==\" style=\"--smush-placeholder-width: 946px; --smush-placeholder-aspect-ratio: 946\/630;\" \/><\/figure><\/li><li class=\"wp-block-jetpack-slideshow_slide swiper-slide\"><figure><img decoding=\"async\" width=\"946\" height=\"630\" alt=\"\" class=\"wp-block-jetpack-slideshow_image wp-image-139333 lazyload\" data-id=\"139333\" data-src=\"https:\/\/eldiariodesanpedro.com.ar\/sitio\/wp-content\/uploads\/2025\/04\/Imagen-de-WhatsApp-2025-04-16-a-las-12.25.57_567a4c4b.jpg\" data-srcset=\"https:\/\/eldiariodesanpedro.com.ar\/sitio\/wp-content\/uploads\/2025\/04\/Imagen-de-WhatsApp-2025-04-16-a-las-12.25.57_567a4c4b.jpg 946w, https:\/\/eldiariodesanpedro.com.ar\/sitio\/wp-content\/uploads\/2025\/04\/Imagen-de-WhatsApp-2025-04-16-a-las-12.25.57_567a4c4b-300x200.jpg 300w, https:\/\/eldiariodesanpedro.com.ar\/sitio\/wp-content\/uploads\/2025\/04\/Imagen-de-WhatsApp-2025-04-16-a-las-12.25.57_567a4c4b-768x511.jpg 768w\" data-sizes=\"(max-width: 946px) 100vw, 946px\" src=\"data:image\/svg+xml;base64,PHN2ZyB3aWR0aD0iMSIgaGVpZ2h0PSIxIiB4bWxucz0iaHR0cDovL3d3dy53My5vcmcvMjAwMC9zdmciPjwvc3ZnPg==\" style=\"--smush-placeholder-width: 946px; --smush-placeholder-aspect-ratio: 946\/630;\" \/><\/figure><\/li><li class=\"wp-block-jetpack-slideshow_slide swiper-slide\"><figure><img decoding=\"async\" width=\"946\" height=\"630\" alt=\"\" class=\"wp-block-jetpack-slideshow_image wp-image-139335 lazyload\" data-id=\"139335\" data-src=\"https:\/\/eldiariodesanpedro.com.ar\/sitio\/wp-content\/uploads\/2025\/04\/Imagen-de-WhatsApp-2025-04-16-a-las-12.25.58_8f79b68e.jpg\" data-srcset=\"https:\/\/eldiariodesanpedro.com.ar\/sitio\/wp-content\/uploads\/2025\/04\/Imagen-de-WhatsApp-2025-04-16-a-las-12.25.58_8f79b68e.jpg 946w, https:\/\/eldiariodesanpedro.com.ar\/sitio\/wp-content\/uploads\/2025\/04\/Imagen-de-WhatsApp-2025-04-16-a-las-12.25.58_8f79b68e-300x200.jpg 300w, https:\/\/eldiariodesanpedro.com.ar\/sitio\/wp-content\/uploads\/2025\/04\/Imagen-de-WhatsApp-2025-04-16-a-las-12.25.58_8f79b68e-768x511.jpg 768w\" data-sizes=\"(max-width: 946px) 100vw, 946px\" src=\"data:image\/svg+xml;base64,PHN2ZyB3aWR0aD0iMSIgaGVpZ2h0PSIxIiB4bWxucz0iaHR0cDovL3d3dy53My5vcmcvMjAwMC9zdmciPjwvc3ZnPg==\" style=\"--smush-placeholder-width: 946px; --smush-placeholder-aspect-ratio: 946\/630;\" \/><\/figure><\/li><\/ul><a class=\"wp-block-jetpack-slideshow_button-prev swiper-button-prev swiper-button-white\" role=\"button\"><\/a><a class=\"wp-block-jetpack-slideshow_button-next swiper-button-next swiper-button-white\" role=\"button\"><\/a><a aria-label=\"Pause Slideshow\" class=\"wp-block-jetpack-slideshow_button-pause\" role=\"button\"><\/a><div class=\"wp-block-jetpack-slideshow_pagination swiper-pagination swiper-pagination-white\"><\/div><\/div><\/div>\n","protected":false},"excerpt":{"rendered":"<p>Esta ma\u00f1ana, en la Secretar\u00eda de Econom\u00eda y Hacienda, se realiz\u00f3 la apertura de sobres correspondiente a la licitaci\u00f3n privada para la segunda etapa de la obra de remodelaci\u00f3n integral del Hogar Sarmiento, con una inversi\u00f3n estimada de 84 millones de pesos. Esta segunda etapa contempla la remodelaci\u00f3n completa de los dormitorios, que incluir\u00e1n ba\u00f1os [&hellip;]<\/p>\n","protected":false},"author":4,"featured_media":139333,"comment_status":"closed","ping_status":"closed","sticky":false,"template":"","format":"standard","meta":{"om_disable_all_campaigns":false,"_jetpack_memberships_contains_paid_content":false,"footnotes":""},"categories":[2],"tags":[],"class_list":["post-139332","post","type-post","status-publish","format-standard","has-post-thumbnail","hentry","category-locales"],"aioseo_notices":[],"gutentor_comment":0,"jetpack_featured_media_url":"https:\/\/eldiariodesanpedro.com.ar\/sitio\/wp-content\/uploads\/2025\/04\/Imagen-de-WhatsApp-2025-04-16-a-las-12.25.57_567a4c4b.jpg","jetpack_shortlink":"https:\/\/wp.me\/p6RhLt-Afi","jetpack_sharing_enabled":true,"_links":{"self":[{"href":"https:\/\/eldiariodesanpedro.com.ar\/sitio\/wp-json\/wp\/v2\/posts\/139332","targetHints":{"allow":["GET"]}}],"collection":[{"href":"https:\/\/eldiariodesanpedro.com.ar\/sitio\/wp-json\/wp\/v2\/posts"}],"about":[{"href":"https:\/\/eldiariodesanpedro.com.ar\/sitio\/wp-json\/wp\/v2\/types\/post"}],"author":[{"embeddable":true,"href":"https:\/\/eldiariodesanpedro.com.ar\/sitio\/wp-json\/wp\/v2\/users\/4"}],"replies":[{"embeddable":true,"href":"https:\/\/eldiariodesanpedro.com.ar\/sitio\/wp-json\/wp\/v2\/comments?post=139332"}],"version-history":[{"count":1,"href":"https:\/\/eldiariodesanpedro.com.ar\/sitio\/wp-json\/wp\/v2\/posts\/139332\/revisions"}],"predecessor-version":[{"id":139336,"href":"https:\/\/eldiariodesanpedro.com.ar\/sitio\/wp-json\/wp\/v2\/posts\/139332\/revisions\/139336"}],"wp:featuredmedia":[{"embeddable":true,"href":"https:\/\/eldiariodesanpedro.com.ar\/sitio\/wp-json\/wp\/v2\/media\/139333"}],"wp:attachment":[{"href":"https:\/\/eldiariodesanpedro.com.ar\/sitio\/wp-json\/wp\/v2\/media?parent=139332"}],"wp:term":[{"taxonomy":"category","embeddable":true,"href":"https:\/\/eldiariodesanpedro.com.ar\/sitio\/wp-json\/wp\/v2\/categories?post=139332"},{"taxonomy":"post_tag","embeddable":true,"href":"https:\/\/eldiariodesanpedro.com.ar\/sitio\/wp-json\/wp\/v2\/tags?post=139332"}],"curies":[{"name":"wp","href":"https:\/\/api.w.org\/{rel}","templated":true}]}}