{"id":139327,"date":"2025-04-16T10:34:25","date_gmt":"2025-04-16T13:34:25","guid":{"rendered":"https:\/\/eldiariodesanpedro.com.ar\/sitio\/?p=139327"},"modified":"2025-04-16T10:34:29","modified_gmt":"2025-04-16T13:34:29","slug":"continuan-los-talleres-para-adultos-mayores-con-gran-participacion","status":"publish","type":"post","link":"https:\/\/eldiariodesanpedro.com.ar\/sitio\/continuan-los-talleres-para-adultos-mayores-con-gran-participacion\/","title":{"rendered":"Contin\u00faan los talleres para adultos mayores con gran participaci\u00f3n"},"content":{"rendered":"<!-- VideographyWP Plugin Message: Automatic video embedding prevented by plugin options. -->\n\n<p>La Direcci\u00f3n de Adultos Mayores de la Secretar\u00eda de Desarrollo de la Comunidad sigue desarrollando con gran concurrencia sus talleres abiertos a toda la comunidad.<\/p>\n\n\n\n<p>En esta oportunidad, compartimos im\u00e1genes de algunas de las actividades que se vienen llevando a cabo: el Taller de Agilidad Mental, la propuesta \u201cTarde de S\u00e1bado Caminatas\u201d y el Taller de Movimiento Expresivo, espacios que promueven la actividad f\u00edsica, la estimulaci\u00f3n cognitiva y la socializaci\u00f3n.<\/p>\n\n\n\n<p>Aunque los talleres se encuentran casi completos desde el inicio del ciclo, quienes est\u00e9n interesados pueden acercarse para realizar consultas o sumarse en caso de disponibilidad a la Direcci\u00f3n de Adultos Mayores ubicada en Salta 185, de lunes a viernes en el horario de 8.00 a 14.00.<\/p>\n\n\n\n<figure class=\"wp-block-image size-full\"><img decoding=\"async\" width=\"840\" height=\"630\" data-attachment-id=\"139330\" data-permalink=\"https:\/\/eldiariodesanpedro.com.ar\/sitio\/continuan-los-talleres-para-adultos-mayores-con-gran-participacion\/imagen-de-whatsapp-2025-04-16-a-las-09-48-33_ceaeca73\/\" data-orig-file=\"https:\/\/eldiariodesanpedro.com.ar\/sitio\/wp-content\/uploads\/2025\/04\/Imagen-de-WhatsApp-2025-04-16-a-las-09.48.33_ceaeca73.jpg\" data-orig-size=\"840,630\" data-comments-opened=\"0\" data-image-meta=\"{&quot;aperture&quot;:&quot;0&quot;,&quot;credit&quot;:&quot;&quot;,&quot;camera&quot;:&quot;&quot;,&quot;caption&quot;:&quot;&quot;,&quot;created_timestamp&quot;:&quot;0&quot;,&quot;copyright&quot;:&quot;&quot;,&quot;focal_length&quot;:&quot;0&quot;,&quot;iso&quot;:&quot;0&quot;,&quot;shutter_speed&quot;:&quot;0&quot;,&quot;title&quot;:&quot;&quot;,&quot;orientation&quot;:&quot;0&quot;}\" data-image-title=\"Imagen de WhatsApp 2025-04-16 a las 09.48.33_ceaeca73\" data-image-description=\"\" data-image-caption=\"\" data-large-file=\"https:\/\/eldiariodesanpedro.com.ar\/sitio\/wp-content\/uploads\/2025\/04\/Imagen-de-WhatsApp-2025-04-16-a-las-09.48.33_ceaeca73.jpg\" data-src=\"https:\/\/eldiariodesanpedro.com.ar\/sitio\/wp-content\/uploads\/2025\/04\/Imagen-de-WhatsApp-2025-04-16-a-las-09.48.33_ceaeca73.jpg\" alt=\"\" class=\"wp-image-139330 lazyload\" data-srcset=\"https:\/\/eldiariodesanpedro.com.ar\/sitio\/wp-content\/uploads\/2025\/04\/Imagen-de-WhatsApp-2025-04-16-a-las-09.48.33_ceaeca73.jpg 840w, https:\/\/eldiariodesanpedro.com.ar\/sitio\/wp-content\/uploads\/2025\/04\/Imagen-de-WhatsApp-2025-04-16-a-las-09.48.33_ceaeca73-300x225.jpg 300w, https:\/\/eldiariodesanpedro.com.ar\/sitio\/wp-content\/uploads\/2025\/04\/Imagen-de-WhatsApp-2025-04-16-a-las-09.48.33_ceaeca73-768x576.jpg 768w, https:\/\/eldiariodesanpedro.com.ar\/sitio\/wp-content\/uploads\/2025\/04\/Imagen-de-WhatsApp-2025-04-16-a-las-09.48.33_ceaeca73-272x204.jpg 272w\" data-sizes=\"(max-width: 840px) 100vw, 840px\" src=\"data:image\/svg+xml;base64,PHN2ZyB3aWR0aD0iMSIgaGVpZ2h0PSIxIiB4bWxucz0iaHR0cDovL3d3dy53My5vcmcvMjAwMC9zdmciPjwvc3ZnPg==\" style=\"--smush-placeholder-width: 840px; --smush-placeholder-aspect-ratio: 840\/630;\" \/><\/figure>\n","protected":false},"excerpt":{"rendered":"<p>La Direcci\u00f3n de Adultos Mayores de la Secretar\u00eda de Desarrollo de la Comunidad sigue desarrollando con gran concurrencia sus talleres abiertos a toda la comunidad. En esta oportunidad, compartimos im\u00e1genes de algunas de las actividades que se vienen llevando a cabo: el Taller de Agilidad Mental, la propuesta \u201cTarde de S\u00e1bado Caminatas\u201d y el Taller [&hellip;]<\/p>\n","protected":false},"author":4,"featured_media":139329,"comment_status":"closed","ping_status":"closed","sticky":false,"template":"","format":"standard","meta":{"om_disable_all_campaigns":false,"_jetpack_memberships_contains_paid_content":false,"footnotes":""},"categories":[101,2],"tags":[],"class_list":["post-139327","post","type-post","status-publish","format-standard","has-post-thumbnail","hentry","category-interes-general-locales","category-locales"],"aioseo_notices":[],"gutentor_comment":0,"jetpack_featured_media_url":"https:\/\/eldiariodesanpedro.com.ar\/sitio\/wp-content\/uploads\/2025\/04\/Imagen-de-WhatsApp-2025-04-16-a-las-09.48.33_1f9ee961.jpg","jetpack_shortlink":"https:\/\/wp.me\/p6RhLt-Afd","jetpack_sharing_enabled":true,"_links":{"self":[{"href":"https:\/\/eldiariodesanpedro.com.ar\/sitio\/wp-json\/wp\/v2\/posts\/139327","targetHints":{"allow":["GET"]}}],"collection":[{"href":"https:\/\/eldiariodesanpedro.com.ar\/sitio\/wp-json\/wp\/v2\/posts"}],"about":[{"href":"https:\/\/eldiariodesanpedro.com.ar\/sitio\/wp-json\/wp\/v2\/types\/post"}],"author":[{"embeddable":true,"href":"https:\/\/eldiariodesanpedro.com.ar\/sitio\/wp-json\/wp\/v2\/users\/4"}],"replies":[{"embeddable":true,"href":"https:\/\/eldiariodesanpedro.com.ar\/sitio\/wp-json\/wp\/v2\/comments?post=139327"}],"version-history":[{"count":1,"href":"https:\/\/eldiariodesanpedro.com.ar\/sitio\/wp-json\/wp\/v2\/posts\/139327\/revisions"}],"predecessor-version":[{"id":139331,"href":"https:\/\/eldiariodesanpedro.com.ar\/sitio\/wp-json\/wp\/v2\/posts\/139327\/revisions\/139331"}],"wp:featuredmedia":[{"embeddable":true,"href":"https:\/\/eldiariodesanpedro.com.ar\/sitio\/wp-json\/wp\/v2\/media\/139329"}],"wp:attachment":[{"href":"https:\/\/eldiariodesanpedro.com.ar\/sitio\/wp-json\/wp\/v2\/media?parent=139327"}],"wp:term":[{"taxonomy":"category","embeddable":true,"href":"https:\/\/eldiariodesanpedro.com.ar\/sitio\/wp-json\/wp\/v2\/categories?post=139327"},{"taxonomy":"post_tag","embeddable":true,"href":"https:\/\/eldiariodesanpedro.com.ar\/sitio\/wp-json\/wp\/v2\/tags?post=139327"}],"curies":[{"name":"wp","href":"https:\/\/api.w.org\/{rel}","templated":true}]}}