{"id":139318,"date":"2025-04-15T22:25:42","date_gmt":"2025-04-16T01:25:42","guid":{"rendered":"https:\/\/eldiariodesanpedro.com.ar\/sitio\/?p=139318"},"modified":"2025-04-15T22:25:46","modified_gmt":"2025-04-16T01:25:46","slug":"el-concejo-deliberante-aprobo-por-unanimidad-un-nuevo-pedido-de-informe-sobre-turismo-en-san-pedro","status":"publish","type":"post","link":"https:\/\/eldiariodesanpedro.com.ar\/sitio\/el-concejo-deliberante-aprobo-por-unanimidad-un-nuevo-pedido-de-informe-sobre-turismo-en-san-pedro\/","title":{"rendered":"El Concejo Deliberante aprob\u00f3 por unanimidad un nuevo pedido de informe sobre turismo en San Pedro"},"content":{"rendered":"<!-- VideographyWP Plugin Message: Automatic video embedding prevented by plugin options. -->\n\n<p>En la <strong>\u00faltima Sesi\u00f3n Ordinaria del Concejo Deliberante<\/strong>, se aprob\u00f3 <strong>por unanimidad<\/strong> un <strong>pedido de informe sobre la gesti\u00f3n tur\u00edstica en San Pedro<\/strong>, con el objetivo de conocer la <strong>planificaci\u00f3n prevista para el a\u00f1o 2025<\/strong>.<\/p>\n\n\n\n<p>&#x1f449; <a class=\"\" href=\"https:\/\/www.hcdsanpedro.gob.ar\/pdf\/PROYECTOS\/2025\/5416.pdf\">Ver expediente completo<\/a><\/p>\n\n\n\n<p>Desde el espacio impulsor del pedido se destac\u00f3 que <strong>estos expedientes son siempre propositivos y constructivos<\/strong>, buscando <strong>diagn\u00f3sticos claros<\/strong> para aportar una <strong>visi\u00f3n profesional<\/strong> en \u00e1reas <strong>sensibles y din\u00e1micas<\/strong> como lo es el turismo.<\/p>\n\n\n\n<p>Sin embargo, se advirti\u00f3 que <strong>desde hace a\u00f1os no se observa una gesti\u00f3n ni una orientaci\u00f3n clara<\/strong> en este sector clave para el desarrollo local.<\/p>\n\n\n\n<p>Durante la sesi\u00f3n, el concejal <strong>Mart\u00edn Rivas<\/strong> record\u00f3 que <strong>la Comunicaci\u00f3n 02\/2024<\/strong>, tambi\u00e9n aprobada por unanimidad, <strong>no ha tenido respuesta hasta la fecha<\/strong>, lo que agrava la preocupaci\u00f3n por la <strong>falta de informaci\u00f3n oficial<\/strong>.<\/p>\n\n\n\n<p>&#x1f449; <a class=\"\" href=\"https:\/\/www.hcdsanpedro.gob.ar\/pdf\/COMUNICACIONES\/2024\/02.pdf\">Ver comunicaci\u00f3n 02\/2024<\/a><\/p>\n\n\n\n<p>El nuevo pedido de informe solicita informaci\u00f3n detallada sobre los siguientes puntos:<\/p>\n\n\n\n<ul class=\"wp-block-list\">\n<li><strong>Plan de Desarrollo Tur\u00edstico<\/strong>: estrategias y objetivos.<\/li>\n\n\n\n<li><strong>Recursos Humanos<\/strong>: cantidad de empleados y capacitaci\u00f3n.<\/li>\n\n\n\n<li><strong>Concientizaci\u00f3n Tur\u00edstica<\/strong>: campa\u00f1as y programas.<\/li>\n\n\n\n<li><strong>Infraestructura Tur\u00edstica<\/strong>: cantidad de camas en alojamientos habilitados y no habilitados.<\/li>\n\n\n\n<li><strong>Promoci\u00f3n Tur\u00edstica<\/strong>: campa\u00f1as en redes sociales y medios nacionales.<\/li>\n\n\n\n<li><strong>Estad\u00edsticas Tur\u00edsticas<\/strong>: datos de afluencia y ocupaci\u00f3n.<\/li>\n<\/ul>\n\n\n\n<p><strong>\u201cLa falta de respuesta al pedido de informe anterior y la ausencia de un plan de acci\u00f3n claro para el desarrollo tur\u00edstico en San Pedro son preocupantes\u201d<\/strong>, sostuvo Rivas, quien tambi\u00e9n alert\u00f3 sobre la inversi\u00f3n proyectada para publicidad en 2025: <strong>$139.047.485,55<\/strong>, una cifra <strong>significativa<\/strong> que, sin planificaci\u00f3n, <strong>puede no resultar efectiva<\/strong>.<\/p>\n\n\n\n<p>Por \u00faltimo, remarc\u00f3 que <strong>la capacitaci\u00f3n del personal<\/strong>, el <strong>incentivo al sector privado<\/strong> para convertir atractivos en productos tur\u00edsticos y la <strong>concientizaci\u00f3n ciudadana<\/strong> son factores clave para <strong>mejorar la experiencia del visitante<\/strong> y <strong>potenciar la actividad tur\u00edstica<\/strong> en San Pedro.<\/p>\n","protected":false},"excerpt":{"rendered":"<p>En la \u00faltima Sesi\u00f3n Ordinaria del Concejo Deliberante, se aprob\u00f3 por unanimidad un pedido de informe sobre la gesti\u00f3n tur\u00edstica en San Pedro, con el objetivo de conocer la planificaci\u00f3n prevista para el a\u00f1o 2025. &#x1f449; Ver expediente completo Desde el espacio impulsor del pedido se destac\u00f3 que estos expedientes son siempre propositivos y constructivos, [&hellip;]<\/p>\n","protected":false},"author":4,"featured_media":124824,"comment_status":"closed","ping_status":"closed","sticky":false,"template":"","format":"standard","meta":{"om_disable_all_campaigns":false,"_jetpack_memberships_contains_paid_content":false,"footnotes":""},"categories":[50,101,2],"tags":[],"class_list":["post-139318","post","type-post","status-publish","format-standard","has-post-thumbnail","hentry","category-destacadas","category-interes-general-locales","category-locales"],"aioseo_notices":[],"gutentor_comment":0,"jetpack_featured_media_url":"https:\/\/eldiariodesanpedro.com.ar\/sitio\/wp-content\/uploads\/2023\/12\/Rivas-en-hcd.jpg","jetpack_shortlink":"https:\/\/wp.me\/p6RhLt-Af4","jetpack_sharing_enabled":true,"_links":{"self":[{"href":"https:\/\/eldiariodesanpedro.com.ar\/sitio\/wp-json\/wp\/v2\/posts\/139318","targetHints":{"allow":["GET"]}}],"collection":[{"href":"https:\/\/eldiariodesanpedro.com.ar\/sitio\/wp-json\/wp\/v2\/posts"}],"about":[{"href":"https:\/\/eldiariodesanpedro.com.ar\/sitio\/wp-json\/wp\/v2\/types\/post"}],"author":[{"embeddable":true,"href":"https:\/\/eldiariodesanpedro.com.ar\/sitio\/wp-json\/wp\/v2\/users\/4"}],"replies":[{"embeddable":true,"href":"https:\/\/eldiariodesanpedro.com.ar\/sitio\/wp-json\/wp\/v2\/comments?post=139318"}],"version-history":[{"count":1,"href":"https:\/\/eldiariodesanpedro.com.ar\/sitio\/wp-json\/wp\/v2\/posts\/139318\/revisions"}],"predecessor-version":[{"id":139319,"href":"https:\/\/eldiariodesanpedro.com.ar\/sitio\/wp-json\/wp\/v2\/posts\/139318\/revisions\/139319"}],"wp:featuredmedia":[{"embeddable":true,"href":"https:\/\/eldiariodesanpedro.com.ar\/sitio\/wp-json\/wp\/v2\/media\/124824"}],"wp:attachment":[{"href":"https:\/\/eldiariodesanpedro.com.ar\/sitio\/wp-json\/wp\/v2\/media?parent=139318"}],"wp:term":[{"taxonomy":"category","embeddable":true,"href":"https:\/\/eldiariodesanpedro.com.ar\/sitio\/wp-json\/wp\/v2\/categories?post=139318"},{"taxonomy":"post_tag","embeddable":true,"href":"https:\/\/eldiariodesanpedro.com.ar\/sitio\/wp-json\/wp\/v2\/tags?post=139318"}],"curies":[{"name":"wp","href":"https:\/\/api.w.org\/{rel}","templated":true}]}}